{"id":788,"date":"2015-09-06T16:23:23","date_gmt":"2015-09-06T16:23:23","guid":{"rendered":"http:\/\/blogs.laverdad.es\/vivirenelfilo\/?p=788"},"modified":"2018-12-05T11:16:45","modified_gmt":"2018-12-05T11:16:45","slug":"transexuales","status":"publish","type":"post","link":"https:\/\/blogs.laverdad.es\/vivirenelfilo\/2015\/09\/06\/transexuales\/","title":{"rendered":"Transexuales"},"content":{"rendered":"<p>&nbsp;<\/p>\n<p>&nbsp;<\/p>\n<p>&nbsp;<\/p>\n<p><a href=\"\/vivirenelfilo\/wp-content\/uploads\/sites\/18\/2015\/09\/8aed11320be76d2c619b7c476eb38cef.jpg\"><img loading=\"lazy\" class=\"aligncenter size-full wp-image-789\" title=\"8aed11320be76d2c619b7c476eb38cef\" src=\"\/vivirenelfilo\/wp-content\/uploads\/sites\/18\/2015\/09\/8aed11320be76d2c619b7c476eb38cef.jpg\" alt=\"\" width=\"570\" height=\"815\" srcset=\"https:\/\/static-blogs.laverdad.es\/wp-content\/uploads\/sites\/18\/2015\/09\/8aed11320be76d2c619b7c476eb38cef.jpg 570w, https:\/\/static-blogs.laverdad.es\/wp-content\/uploads\/sites\/18\/2015\/09\/8aed11320be76d2c619b7c476eb38cef-210x300.jpg 210w\" sizes=\"(max-width: 570px) 100vw, 570px\" \/><\/a><\/p>\n<p>&nbsp;<\/p>\n<p>Somos unos analfabetos emocionales. Nos ense\u00f1an a leer, a escribir, la tabla de multiplicar pero nadie habl\u00f3 de gestionar la ira, los celos, el deseo, la tristeza, incluso la alegr\u00eda y el entusiasmo. Por tanto, si carecemos de educaci\u00f3n en aspectos b\u00e1sicos y vitales de nuestra existencia, <strong>imaginen el desconocimiento atroz para tratar con una persona que nace con un sexo y se siente de otro<\/strong>.<\/p>\n<p>Imaginen a ese ni\u00f1o de 10 a\u00f1os que no sabe si acudir al lavabo de hombres o de mujeres. Que preferir\u00eda vestir una falda, en lugar del pantal\u00f3n. O a esa ni\u00f1a que se siente extra\u00f1a en su piel y que prefiere callar ante la incomprensi\u00f3n de sus progenitores o el \u00e1mbito social que la rodea. Y sobrepasa la complicada barrera de la pubertad con unos pechos que no quiere, que no siente como propios y que, probablemente, le acompa\u00f1ar\u00e1n gran parte de su vida, si no toda.<\/p>\n<p>La Administraci\u00f3n est\u00e1 tomando conciencia de esta realidad manifiesta y contundente pero le ha costado su tiempo y todav\u00eda en muchos lugares se cuestiona si alguien que es mujer, pero tiene pene de hombre, puede someterse a la operaci\u00f3n de cambio de sexo, con coste a la Seguridad Social. <strong>Nadie se plantear\u00eda algo similar en el caso de una apendicitis, por poner un burdo ejemplo<\/strong>.<\/p>\n<p><strong>Las infinitas complicaciones vitales de los transexuales s\u00f3lo las conocen con detalle quienes las sufren de cerca<\/strong>. Algunos podemos vislumbrar esta realidad, gracias a charlas como la que escuch\u00e9 este verano del doctor <strong>Guillermo Gonz\u00e1lez Ant\u00f3n<\/strong> en la Universidad de Oviedo. Podemos sensibilizarnos con detalles escalofriantes de las operaciones a las que se someten y podemos concluir que, efectivamente, nadie har\u00eda algo semejante por capricho.<\/p>\n<p>Los costes actuales de dichas intervenciones rondan los 40.000 euros. <strong>Son operaciones dif\u00edciles, de recuperaci\u00f3n lenta y dolorosa.\u00a0 A menudo, con infecciones y complicaciones que les impiden llevar una vida corriente<\/strong> y moliente. Por supuesto, el transexual se tiene que olvidar del placer en esa zona, tal y como lo conocemos los hombres y mujeres que nacemos con un sexo que se ajusta a lo que nos sentimos por dentro.<\/p>\n<p>Por tanto, i<strong>nsinuar que la operaci\u00f3n de cambio de sexo es algo as\u00ed como un capricho; que est\u00e1 emparentado con la est\u00e9tica, es errar por completo. Nadie se mete en un quir\u00f3fano por experimentar<\/strong>.<\/p>\n<p>Sinceramente, m\u00e1s atroz que todo el proceso al que se deben someter los transexuales para lograr que la Sanidad P\u00fablica les realice la operaci\u00f3n (como el <strong>alegar motivos psicol\u00f3gicos, e inclusive enfermedad menta<\/strong>l) considero que pueden ser esos a\u00f1os de crianza para los propios ni\u00f1os y sus padres.<\/p>\n<p>Si no sabemos gestionar el estr\u00e9s \u00bfC\u00f3mo pretendemos comprender lo que supone nacer con una disforia?<strong> (t\u00e9rmino que quiz\u00e1 tampoco les guste a los afectados. A mi me parece igual de espantoso que la palabra &#8220;discapacitado&#8221;<\/strong>).<\/p>\n<p>Ser\u00eda ideal que pronto los ba\u00f1os de los colegios p\u00fablicos tambi\u00e9n contemplasen esta diferenciaci\u00f3n, esta peculiaridad.<strong> Y ser\u00eda casi un sue\u00f1o que las palabras dejasen de condenar a los individuos por nacer de una determinada manera<\/strong>, adquirir una enfermedad cr\u00f3nica o quedar en una silla de ruedas por el motivo que fuere.<\/p>\n<p>Quiz\u00e1 sea pedir demasiado a una sociedad que cada d\u00eda nos uniforma m\u00e1s, que a\u00edsla lo diferente y lo subversivo, en lugar de observarlo desde un punto de vista objetivo y aceptarlo sin juzgar.<strong> \u00bfPor qu\u00e9 lo diferente ha de ser sin\u00f3nimo de malo?<\/strong> \u00bfPor qu\u00e9 hay tanto miedo a lo distinto?<\/p>\n<p>Amigo que tachas, pones etiquetas y juzgas. Alg\u00fan d\u00eda ese mismo castigo caer\u00e1 sobre ti y te tropezar\u00e1s con el muro de la incomprensi\u00f3n ajena. Por nadie pase.<\/p>\n<p>&nbsp;<\/p>\n<p>&nbsp;<\/p>\n","protected":false},"excerpt":{"rendered":"<p>&nbsp; &nbsp; &nbsp; &nbsp; Somos unos analfabetos emocionales. Nos ense\u00f1an a leer, a escribir, la tabla de multiplicar pero nadie habl\u00f3 de gestionar la ira, los celos, el deseo, la tristeza, incluso la alegr\u00eda y el entusiasmo. Por tanto, si carecemos de educaci\u00f3n en aspectos b\u00e1sicos y vitales de nuestra existencia, imaginen el desconocimiento atroz [&hellip;]<\/p>\n","protected":false},"author":18,"featured_media":0,"comment_status":"open","ping_status":"open","sticky":false,"template":"","format":"standard","meta":[],"categories":[19,20,57,122],"tags":[177,235,241],"_links":{"self":[{"href":"https:\/\/blogs.laverdad.es\/vivirenelfilo\/wp-json\/wp\/v2\/posts\/788"}],"collection":[{"href":"https:\/\/blogs.laverdad.es\/vivirenelfilo\/wp-json\/wp\/v2\/posts"}],"about":[{"href":"https:\/\/blogs.laverdad.es\/vivirenelfilo\/wp-json\/wp\/v2\/types\/post"}],"author":[{"embeddable":true,"href":"https:\/\/blogs.laverdad.es\/vivirenelfilo\/wp-json\/wp\/v2\/users\/18"}],"replies":[{"embeddable":true,"href":"https:\/\/blogs.laverdad.es\/vivirenelfilo\/wp-json\/wp\/v2\/comments?post=788"}],"version-history":[{"count":1,"href":"https:\/\/blogs.laverdad.es\/vivirenelfilo\/wp-json\/wp\/v2\/posts\/788\/revisions"}],"predecessor-version":[{"id":1387,"href":"https:\/\/blogs.laverdad.es\/vivirenelfilo\/wp-json\/wp\/v2\/posts\/788\/revisions\/1387"}],"wp:attachment":[{"href":"https:\/\/blogs.laverdad.es\/vivirenelfilo\/wp-json\/wp\/v2\/media?parent=788"}],"wp:term":[{"taxonomy":"category","embeddable":true,"href":"https:\/\/blogs.laverdad.es\/vivirenelfilo\/wp-json\/wp\/v2\/categories?post=788"},{"taxonomy":"post_tag","embeddable":true,"href":"https:\/\/blogs.laverdad.es\/vivirenelfilo\/wp-json\/wp\/v2\/tags?post=788"}],"curies":[{"name":"wp","href":"https:\/\/api.w.org\/{rel}","templated":true}]}}