{"id":841,"date":"2016-01-25T10:19:24","date_gmt":"2016-01-25T10:19:24","guid":{"rendered":"http:\/\/blogs.laverdad.es\/vivirenelfilo\/?p=841"},"modified":"2018-12-05T11:16:36","modified_gmt":"2018-12-05T11:16:36","slug":"barbudos-el-debate-con-pelos","status":"publish","type":"post","link":"https:\/\/blogs.laverdad.es\/vivirenelfilo\/2016\/01\/25\/barbudos-el-debate-con-pelos\/","title":{"rendered":"Barbudos, el debate con pelos"},"content":{"rendered":"<p>&nbsp;<\/p>\n<p><a href=\"\/vivirenelfilo\/wp-content\/uploads\/sites\/18\/2016\/01\/5723bcb1a7ce2a22412affb1f5e8279e.jpg\"><img loading=\"lazy\" class=\"aligncenter size-full wp-image-842\" title=\"5723bcb1a7ce2a22412affb1f5e8279e\" src=\"\/vivirenelfilo\/wp-content\/uploads\/sites\/18\/2016\/01\/5723bcb1a7ce2a22412affb1f5e8279e.jpg\" alt=\"\" width=\"500\" height=\"750\" srcset=\"https:\/\/static-blogs.laverdad.es\/wp-content\/uploads\/sites\/18\/2016\/01\/5723bcb1a7ce2a22412affb1f5e8279e.jpg 500w, https:\/\/static-blogs.laverdad.es\/wp-content\/uploads\/sites\/18\/2016\/01\/5723bcb1a7ce2a22412affb1f5e8279e-200x300.jpg 200w\" sizes=\"(max-width: 500px) 100vw, 500px\" \/><\/a><\/p>\n<p>&nbsp;<\/p>\n<p>\u00bfPero qu\u00e9 os ha dado a todos llevar barbas? Se supone que el <strong>hipster\u00edo<\/strong> anda medio extinguido entre los caf\u00e9s a precio de marisco y las pel\u00edculas V.O en liban\u00e9s. Pero no. Algo queda,\u00a0 como un perfume de una moda que no se termina de marchar.<\/p>\n<p>Algo se nos ha pegado de esa ola: me paso el d\u00eda viendo chicos con\u00a0 barba. Por todos sitios: en el gimnasio, en los jardines, por la gran v\u00eda, en la tele, en mi Facebook \u00a1\u00a1en mi casa!!. A veces me siento sumida en una pesadilla peluda. Porque cuando digo barba, no me refiero a esas perillas a lo Juan Tenorio. No, no. B<strong>arbas tipo la ira de Ze\u00fas, o tipo mala folla de Poseid\u00f3n. Barbas Marx y Pap\u00e1 Noel.<\/strong><\/p>\n<p>&nbsp;<\/p>\n<p>Lo cierto es que todo el tema de los pelos causa mucha controversia. Lo tengo comprobado. <strong>Los defensores de la barba suelen defender al mismo tiempo el vello p\u00fabico abundante. Lo que viene a ser un buen felpudo<\/strong>.<\/p>\n<p>Pareciera que los defensores de la barba hayan creado un club m\u00edstico donde observan el mundo con otra mirada. Quiz\u00e1 la mirada de lo intemporal, del no tiempo, de los yoguis (ejemplares barbados casi todos ellos, un mudra tan importante como el de las manos o el cabello largo, en reivindicaci\u00f3n de su parte femenina).<\/p>\n<p><strong>Los barbudos \u2014lo tengo comprobado\u2014 son tranquilos, quieren dejar su testimonio, su semilla en el mundo. Tambi\u00e9n es verdad que les gusta poco afeitarse<\/strong>. Es inc\u00f3modo y en invierno m\u00e1s. Algunos se hacen aut\u00e9nticas carnicer\u00edas por torpes y otros tienen rostros como el culito de un beb\u00e9. Y claro, as\u00ed no se puede.<\/p>\n<p>Los que os dej\u00e1is barba pensando que se os tomar\u00e1 m\u00e1s en serio es posible que llev\u00e9is raz\u00f3n. Que el mundo en general cambie la percepci\u00f3n que tiene de vosotros. A mi no me la peg\u00e1is.<\/p>\n<p><strong>Entre mis seguidores de Facebook he observado que las posturas pro y anti-barba se defienden con ah\u00ednco, incluso ferocidad<\/strong>. Yo no entro ah\u00ed. Tan limpio puede ser el que se afeita como el que\u00a0 no lo haga a menudo. De hecho, una barba bien cuidada tambi\u00e9n requiere de esfuerzos, cremas hidratantes especiales e incluso el preciado aceite de rosa mosqueta para que el pelo no se reseque.<\/p>\n<p>En cuanto a las preferencias de las f\u00e9minas \u00bfQu\u00e9 os puedo decir? Hay hombres guap\u00edsimos y la barba resalta sus ojos, incluso su nariz.\u00a0 A muchos les disimula una incipiente papada. Y, como siempre,<strong> el que es guapo, lo es de cualquier manera<\/strong>.<\/p>\n<p>Personalmente, me gustan los rostros sin trucos, descubiertos, limpios y sin pelos. Entiendo que es una opini\u00f3n muy personal y que si apelamos a la naturalidad, natural, lo normal y lo intr\u00ednsecamente humano es que el vello y el pelo cubra nuestro cuerpo.<\/p>\n<p><strong>En estos tiempos donde ni lo comemos ni lo que bebemos es natural, y si me apuran, casi ni lo que sentimos, \u00bfQu\u00e9 sentido tiene dejarse una barba que os llegue hasta la mitad de los pectorales? Quisiera creer que el hombre barbudo reivindica los or\u00edgenes, incluso lo troglodita y lo animal que queda uno de vosotros.<\/strong><\/p>\n<p><strong>Por desgracia, creo que no deja de ser otra moda<\/strong>, en este caso, tremendamente c\u00f3moda. Entiendo que afeitarse todos los d\u00edas es un rollo pero los pelos me estorban, me distraen, son un ruido prescindible en las miradas de esos\u00a0 hombres que me gustan.<\/p>\n<p><strong>Si a tu chico le gusta la barba, d\u00e9jalo, criatura, ya se aburrir\u00e1. Y si opta por el mundo peludo para los restos, habr\u00e1 que renegociar la relaci\u00f3n. Siempre le podr\u00e1s decir: este no es el chico del que me enamor\u00e9.<\/strong><\/p>\n","protected":false},"excerpt":{"rendered":"<p>&nbsp; &nbsp; \u00bfPero qu\u00e9 os ha dado a todos llevar barbas? Se supone que el hipster\u00edo anda medio extinguido entre los caf\u00e9s a precio de marisco y las pel\u00edculas V.O en liban\u00e9s. Pero no. Algo queda,\u00a0 como un perfume de una moda que no se termina de marchar. Algo se nos ha pegado de esa [&hellip;]<\/p>\n","protected":false},"author":18,"featured_media":0,"comment_status":"open","ping_status":"open","sticky":false,"template":"","format":"standard","meta":[],"categories":[58,121,122],"tags":[],"_links":{"self":[{"href":"https:\/\/blogs.laverdad.es\/vivirenelfilo\/wp-json\/wp\/v2\/posts\/841"}],"collection":[{"href":"https:\/\/blogs.laverdad.es\/vivirenelfilo\/wp-json\/wp\/v2\/posts"}],"about":[{"href":"https:\/\/blogs.laverdad.es\/vivirenelfilo\/wp-json\/wp\/v2\/types\/post"}],"author":[{"embeddable":true,"href":"https:\/\/blogs.laverdad.es\/vivirenelfilo\/wp-json\/wp\/v2\/users\/18"}],"replies":[{"embeddable":true,"href":"https:\/\/blogs.laverdad.es\/vivirenelfilo\/wp-json\/wp\/v2\/comments?post=841"}],"version-history":[{"count":1,"href":"https:\/\/blogs.laverdad.es\/vivirenelfilo\/wp-json\/wp\/v2\/posts\/841\/revisions"}],"predecessor-version":[{"id":1372,"href":"https:\/\/blogs.laverdad.es\/vivirenelfilo\/wp-json\/wp\/v2\/posts\/841\/revisions\/1372"}],"wp:attachment":[{"href":"https:\/\/blogs.laverdad.es\/vivirenelfilo\/wp-json\/wp\/v2\/media?parent=841"}],"wp:term":[{"taxonomy":"category","embeddable":true,"href":"https:\/\/blogs.laverdad.es\/vivirenelfilo\/wp-json\/wp\/v2\/categories?post=841"},{"taxonomy":"post_tag","embeddable":true,"href":"https:\/\/blogs.laverdad.es\/vivirenelfilo\/wp-json\/wp\/v2\/tags?post=841"}],"curies":[{"name":"wp","href":"https:\/\/api.w.org\/{rel}","templated":true}]}}