{"id":865,"date":"2016-03-13T20:26:01","date_gmt":"2016-03-13T20:26:01","guid":{"rendered":"http:\/\/blogs.laverdad.es\/vivirenelfilo\/?p=865"},"modified":"2018-12-05T11:16:32","modified_gmt":"2018-12-05T11:16:32","slug":"huevos-capullos-y-mariposas","status":"publish","type":"post","link":"https:\/\/blogs.laverdad.es\/vivirenelfilo\/2016\/03\/13\/huevos-capullos-y-mariposas\/","title":{"rendered":"Huevos, capullos y mariposas"},"content":{"rendered":"<p><a href=\"\/vivirenelfilo\/wp-content\/uploads\/sites\/18\/2016\/03\/19a25174356d2701612a783e91e23012.jpg\"><img loading=\"lazy\" class=\"aligncenter size-full wp-image-866\" title=\"19a25174356d2701612a783e91e23012\" src=\"\/vivirenelfilo\/wp-content\/uploads\/sites\/18\/2016\/03\/19a25174356d2701612a783e91e23012.jpg\" alt=\"\" width=\"564\" height=\"316\" srcset=\"https:\/\/static-blogs.laverdad.es\/wp-content\/uploads\/sites\/18\/2016\/03\/19a25174356d2701612a783e91e23012.jpg 564w, https:\/\/static-blogs.laverdad.es\/wp-content\/uploads\/sites\/18\/2016\/03\/19a25174356d2701612a783e91e23012-300x168.jpg 300w\" sizes=\"(max-width: 564px) 100vw, 564px\" \/><\/a><\/p>\n<p>&nbsp;<\/p>\n<p>Todos los art\u00edculos tienen su historia. Es la intrahistoria de las columnas.<\/p>\n<p>Comencemos con una an\u00e9cdota. Mi amigo Emilio me la regal\u00f3 el otro d\u00eda. Emilio contaba: &#8220;Mi abuela Pepa, con lengua viperina \u2013 y que se fue al otro mundo con 98 a\u00f1icos \u2014 repet\u00eda mucho un dicho: &#8220;Crecen los a\u00f1os, mengua la vida; crecen las cejas, mengua la vista;\u00a0<strong> crecen las bolas, mengua la picha,<\/strong> pero cuando la picha mengua, crece la lengua y sigue la dicha&#8221;.<\/p>\n<p>Las bolas tienen tantos nombres que podr\u00edamos aburrir. Realicemos un barrido somero:<strong> test\u00edculos, g\u00f3nadas, huevos, cataplines, coj\u00f3n, turma, criadilla.<\/strong><\/p>\n<p>Sorprende la fascinaci\u00f3n por el huevo. Esas delicadas bolsas recubiertas con una piel fina, pelos y que contienen el germen de las generaciones futuras. Ya saben ustedes que apretar mucho la casquer\u00eda resulta perjudicial. Igual que el calor extremo. Las generaciones futuras cada vez menguan m\u00e1s por la calidad del semen e, imagino, por la calidad de vida que nos toca en este destino.<\/p>\n<p>Pero, a lo que voy.<\/p>\n<p>Lo importante de los test\u00edculos, o cojones, no es toda la palabrer\u00eda, ni el dolor que sienten ellos al atentar contra singular parte. No en balde, m\u00e1s de una nos hemos quedado con ganas de lanzar algo a semejante sitio, sabedoras de que puede equiparar en dolor a determinadas humillaciones. No en balde, yo que estoy aprendiendo lucha, he de confesar que hay una patada que nos ense\u00f1an y que va expresamente a la sagrada bolsita.<\/p>\n<p>L<strong>o importante, dec\u00eda, es esa l\u00ednea que divide los cataplines en dos, como un tatuaje, realizada con milim\u00e9trica precisi\u00f3n<\/strong>. &#8220;En esto veo, Melibea, la grandeza de Dios&#8221;, que dec\u00eda el tonto de Calixto.<\/p>\n<p>Ustedes, mir\u00e9nselo un ratito. F\u00edjense qu\u00e9 proeza del dise\u00f1o. Incre\u00edble.<\/p>\n<p>Pues bien, atentos. El ser humano se gesta en el vientre de la madre con dos estructuras. La estructura doble y la estructura \u00fanica. Esa l\u00ednea perfecta que ven los seres sexuados masculinos, es nuestra vulva vaginal en las mujeres. Esos labios son as\u00ed, porque antes estuvieron unidos. Llega un momento de diferenciaci\u00f3n. Los proto ovarios y proto test\u00edculos se transforman. <strong>Llegado determinado momento, o bien se reabsorbe el test\u00edculo, o bien, lo que se reabsorbe es el proto ovario. O bien se funde en una bolsa escrotal. O bien se mantiene la separaci\u00f3n labial.<\/strong><\/p>\n<p>Hasta ese punto los hombres son en el fondo mujeres y las mujeres somos, en nuestro inicio m\u00e1s primigenio, hombres.<\/p>\n<p>\u00bfY la gente se extra\u00f1a porque haya personas que en ese proceso tengan cuarto y mitad m\u00e1s de uno con el cuerpo de otro?<\/p>\n<p>El vello abundante es, normalmente, un rasgo masculino pero \u00bfAcaso no hay mujeres peludas y hombres lampi\u00f1os? \u00bfY qu\u00e9 pasa?<\/p>\n<p>La naturaleza es sabia pero igual que un d\u00eda el gazpacho te sale pasado de vinagre o el bizcocho corto de az\u00facar, tambi\u00e9n puede equivocarse en las dosis hormonales. Y ya tenemos el l\u00edo.<\/p>\n<p>Pero cr\u00e9anme. L\u00edo ninguno.<strong> Piensen que sus escrotos se hubiesen separado como alas de mariposa. Y, se\u00f1oras piensen en sus vulvas cerradas, infladas, con una fina l\u00ednea perfecta dividi\u00e9ndolas sim\u00e9tricamente en dos<\/strong>.<\/p>\n<p>La naturaleza est\u00e1 repleta de ejemplos. Nuestros \u00f3rganos sexuales repiten patrones creados en otras \u00e1reas: en la flora, en la fauna, en la bot\u00e1nica.<\/p>\n<p><strong>No soy hombre ni mujer, s\u00f3lo un ser humano<\/strong><\/p>\n<p><strong>Hoy, que esa palabra carece de sentido dado el trato que estamos dando a otros compa\u00f1eros de especie, deber\u00eda estar m\u00e1s vigente que nunca.<\/strong><\/p>\n<p><strong>El mundo debe dejar de mirarse el ombligo, o las g\u00f3nadas, o la vulva.<\/strong><\/p>\n<p><strong>El mundo deber\u00eda desplegarse como alas de mariposa porque todos somos uno y todo lo que hago vuelve a mi.<\/strong><\/p>\n<p>&nbsp;<\/p>\n<p>La imagen es de AKA<\/p>\n<p>http:\/\/www.studioaka.co.uk\/<\/p>\n<p>&nbsp;<\/p>\n","protected":false},"excerpt":{"rendered":"<p>&nbsp; Todos los art\u00edculos tienen su historia. Es la intrahistoria de las columnas. Comencemos con una an\u00e9cdota. Mi amigo Emilio me la regal\u00f3 el otro d\u00eda. Emilio contaba: &#8220;Mi abuela Pepa, con lengua viperina \u2013 y que se fue al otro mundo con 98 a\u00f1icos \u2014 repet\u00eda mucho un dicho: &#8220;Crecen los a\u00f1os, mengua la [&hellip;]<\/p>\n","protected":false},"author":18,"featured_media":0,"comment_status":"open","ping_status":"open","sticky":false,"template":"","format":"standard","meta":[],"categories":[117,121,122,131],"tags":[],"_links":{"self":[{"href":"https:\/\/blogs.laverdad.es\/vivirenelfilo\/wp-json\/wp\/v2\/posts\/865"}],"collection":[{"href":"https:\/\/blogs.laverdad.es\/vivirenelfilo\/wp-json\/wp\/v2\/posts"}],"about":[{"href":"https:\/\/blogs.laverdad.es\/vivirenelfilo\/wp-json\/wp\/v2\/types\/post"}],"author":[{"embeddable":true,"href":"https:\/\/blogs.laverdad.es\/vivirenelfilo\/wp-json\/wp\/v2\/users\/18"}],"replies":[{"embeddable":true,"href":"https:\/\/blogs.laverdad.es\/vivirenelfilo\/wp-json\/wp\/v2\/comments?post=865"}],"version-history":[{"count":1,"href":"https:\/\/blogs.laverdad.es\/vivirenelfilo\/wp-json\/wp\/v2\/posts\/865\/revisions"}],"predecessor-version":[{"id":1365,"href":"https:\/\/blogs.laverdad.es\/vivirenelfilo\/wp-json\/wp\/v2\/posts\/865\/revisions\/1365"}],"wp:attachment":[{"href":"https:\/\/blogs.laverdad.es\/vivirenelfilo\/wp-json\/wp\/v2\/media?parent=865"}],"wp:term":[{"taxonomy":"category","embeddable":true,"href":"https:\/\/blogs.laverdad.es\/vivirenelfilo\/wp-json\/wp\/v2\/categories?post=865"},{"taxonomy":"post_tag","embeddable":true,"href":"https:\/\/blogs.laverdad.es\/vivirenelfilo\/wp-json\/wp\/v2\/tags?post=865"}],"curies":[{"name":"wp","href":"https:\/\/api.w.org\/{rel}","templated":true}]}}