{"id":898,"date":"2016-05-22T20:13:59","date_gmt":"2016-05-22T20:13:59","guid":{"rendered":"http:\/\/blogs.laverdad.es\/vivirenelfilo\/?p=898"},"modified":"2018-12-05T11:16:26","modified_gmt":"2018-12-05T11:16:26","slug":"respeto-e-identidad-sexual","status":"publish","type":"post","link":"https:\/\/blogs.laverdad.es\/vivirenelfilo\/2016\/05\/22\/respeto-e-identidad-sexual\/","title":{"rendered":"Respeto e identidad sexual"},"content":{"rendered":"<p>&nbsp;<\/p>\n<p><a href=\"\/vivirenelfilo\/wp-content\/uploads\/sites\/18\/2016\/05\/376324c511ce6c7d16a290febb4bcfc6.jpg\"><img loading=\"lazy\" class=\"aligncenter size-full wp-image-899\" title=\"376324c511ce6c7d16a290febb4bcfc6\" src=\"\/vivirenelfilo\/wp-content\/uploads\/sites\/18\/2016\/05\/376324c511ce6c7d16a290febb4bcfc6.jpg\" alt=\"\" width=\"564\" height=\"827\" srcset=\"https:\/\/static-blogs.laverdad.es\/wp-content\/uploads\/sites\/18\/2016\/05\/376324c511ce6c7d16a290febb4bcfc6.jpg 564w, https:\/\/static-blogs.laverdad.es\/wp-content\/uploads\/sites\/18\/2016\/05\/376324c511ce6c7d16a290febb4bcfc6-205x300.jpg 205w\" sizes=\"(max-width: 564px) 100vw, 564px\" \/><\/a><\/p>\n<p>&nbsp;<\/p>\n<p>Esta semana hemos conocido una gran noticia: la Sanidad Regional financiar\u00e1 a partir de ahora el pago de sexo a los transexuales. <a href=\"http:\/\/http:\/\/www.laverdad.es\/murcia\/201605\/19\/asamblea-aprueba-unanimidad-igualdad-20160519131834.html\">La Verdad <\/a>sac\u00f3 en portada un tema que preocupa a muchos afectados y con el que la sociedad demuestra, una vez m\u00e1s, estar escasamente sensibilizada.<\/p>\n<p>En la informaci\u00f3n publicada en la web encontramos los t\u00edpicos comentarios de si es realmente necesario una operaci\u00f3n de este tipo y que en la Sanidad P\u00fablica hay otras necesidades perentorias.<\/p>\n<p>Leemos opiniones de personas que ven m\u00e1s importante que s<strong>ufragar los empastes en lugar de algo tan b\u00e1sico como puede ser el cambio de sexo<\/strong> para alguien que se est\u00e1 completamente desubicado con unos pechos que no siente como suyos o un pene que le sobra porque es mujer de la cabeza a los pies.<\/p>\n<p>Siguen existiendo las<strong> lamentables confusiones<\/strong>: transexual no es travesti. No lo es por hobby. <strong>Si uno nace sinti\u00e9ndose mujer aunque los genitales masculinos contradigan esta cuesti\u00f3n sagrada de identidad, no puede hacer otra cosa<\/strong>. A la costosa operaci\u00f3n y dolorosos post operatorios se a\u00f1ade que <strong>el transexual renuncia al placer<\/strong> en pos de vivir acorde con su identidad. Probablemente muchas personas desconocen este particular.<\/p>\n<p>En esta columna hemos tratado en alguna ocasi\u00f3n el tema y hace pocas semanas lo asoci\u00e9 a la dif\u00edcil \u00e9poca de la pubertad. Aunque el transexual lo tiene complicado siempre mientras la sociedad siga patologizando el sexo en general (m\u00e1s que de sexo o sexuaci\u00f3n se habla de prevenci\u00f3n de enfermedades, como si fuera la bicha mal\u00e9vola).<\/p>\n<p>Hace poco tuve una discusi\u00f3n con un compa\u00f1ero en una tertulia de televisi\u00f3n. Y vuelvo a encontrarme que<strong> incluso los propios gais carecen de la empat\u00eda<\/strong> necesaria para comprender este asunto que a\u00fan hoy podemos definir como problema.<\/p>\n<p>Yo no soy transexual pero he sido adolescente. <strong>Puedo entender la horrible verg\u00fcenza que se pasa a determinadas edades donde a\u00fan careces de la personalidad y el valor propios para reafirmarte en ser lo que eres y como eres<\/strong>, a\u00fan a riesgo de ser impopular.<\/p>\n<p>Vamos con el tema, por ejemplo, de los <strong>aseos p\u00fablicos<\/strong>. Si yo fuera adolescente y transexual me gustar\u00eda entrar a un aseo donde nadie me mirase raro porque soy chica por fuera y me siento chico por dentro y voy al de los chicos. <strong>Cambiar la mentalidad en algo as\u00ed es imposible de un d\u00eda para otro<\/strong>, por eso yo propongo la opci\u00f3n de aseos especiales para que cada cual los\u00a0 use con libertad.<\/p>\n<p>Este chico hizo un comentario muy desafortunado. Entonces \u00bfQu\u00e9? <strong>\u00bfLos vas a comparar a los minusv\u00e1lidos?<\/strong> \u00bfC\u00f3mo si fueran bichos raros?<\/p>\n<p>Vaya por delante que<strong> odio las palabras minusv\u00e1lido y discapacitado. Deber\u00edan desaparecer del diccionario<\/strong> asociadas a personas que van en sillas de ruedas por accidente o por nacimiento.<\/p>\n<p>En este caso, <strong>acabaremos patologizando al mundo entero siempre y cuando no se ajuste al estereotipo marcado<\/strong> por esta sociedad que, por ejemplo, se empe\u00f1a en meter a todas las mujeres en una talla \u00fanica.<\/p>\n<p><strong>Todos tenemos derecho al respeto de los dem\u00e1s,<\/strong> da igual nuestro color de piel, nuestra opci\u00f3n sexual o de identidad sexual, nuestra talla, los p\u00e1jaros que tengamos en la cabeza, lo incoherentes que seamos o los aciertos y errores de nuestra vida. El respeto se mama y se aprende. Y tambi\u00e9n se gana, por supuesto.<\/p>\n<p>El <strong>colectivo transexual se lo ha ganado<\/strong> con creces. Hace algo m\u00e1s de 50 a\u00f1os a los gais se les dej\u00f3 de considerar enfermos mentales. <strong>Ya va siendo hora de acabar con eso de que los transexuales de nuestro pa\u00eds tengan que decir que est\u00e1n mal de la mollera para acceder a su operaci\u00f3n de cambio de sexo<\/strong>.<\/p>\n","protected":false},"excerpt":{"rendered":"<p>&nbsp; &nbsp; Esta semana hemos conocido una gran noticia: la Sanidad Regional financiar\u00e1 a partir de ahora el pago de sexo a los transexuales. La Verdad sac\u00f3 en portada un tema que preocupa a muchos afectados y con el que la sociedad demuestra, una vez m\u00e1s, estar escasamente sensibilizada. En la informaci\u00f3n publicada en la [&hellip;]<\/p>\n","protected":false},"author":18,"featured_media":0,"comment_status":"open","ping_status":"open","sticky":false,"template":"","format":"standard","meta":[],"categories":[121,122,133],"tags":[242],"_links":{"self":[{"href":"https:\/\/blogs.laverdad.es\/vivirenelfilo\/wp-json\/wp\/v2\/posts\/898"}],"collection":[{"href":"https:\/\/blogs.laverdad.es\/vivirenelfilo\/wp-json\/wp\/v2\/posts"}],"about":[{"href":"https:\/\/blogs.laverdad.es\/vivirenelfilo\/wp-json\/wp\/v2\/types\/post"}],"author":[{"embeddable":true,"href":"https:\/\/blogs.laverdad.es\/vivirenelfilo\/wp-json\/wp\/v2\/users\/18"}],"replies":[{"embeddable":true,"href":"https:\/\/blogs.laverdad.es\/vivirenelfilo\/wp-json\/wp\/v2\/comments?post=898"}],"version-history":[{"count":1,"href":"https:\/\/blogs.laverdad.es\/vivirenelfilo\/wp-json\/wp\/v2\/posts\/898\/revisions"}],"predecessor-version":[{"id":1354,"href":"https:\/\/blogs.laverdad.es\/vivirenelfilo\/wp-json\/wp\/v2\/posts\/898\/revisions\/1354"}],"wp:attachment":[{"href":"https:\/\/blogs.laverdad.es\/vivirenelfilo\/wp-json\/wp\/v2\/media?parent=898"}],"wp:term":[{"taxonomy":"category","embeddable":true,"href":"https:\/\/blogs.laverdad.es\/vivirenelfilo\/wp-json\/wp\/v2\/categories?post=898"},{"taxonomy":"post_tag","embeddable":true,"href":"https:\/\/blogs.laverdad.es\/vivirenelfilo\/wp-json\/wp\/v2\/tags?post=898"}],"curies":[{"name":"wp","href":"https:\/\/api.w.org\/{rel}","templated":true}]}}