{"id":938,"date":"2016-08-29T06:12:28","date_gmt":"2016-08-29T06:12:28","guid":{"rendered":"http:\/\/blogs.laverdad.es\/vivirenelfilo\/?p=938"},"modified":"2018-12-05T11:16:19","modified_gmt":"2018-12-05T11:16:19","slug":"la-flor-de-la-canela","status":"publish","type":"post","link":"https:\/\/blogs.laverdad.es\/vivirenelfilo\/2016\/08\/29\/la-flor-de-la-canela\/","title":{"rendered":"La flor de la canela"},"content":{"rendered":"<p><a href=\"\/vivirenelfilo\/wp-content\/uploads\/sites\/18\/2016\/08\/17c11ae2f2331bc21fc3bd0c2aaac6af.jpg\"><img loading=\"lazy\" class=\"aligncenter size-medium wp-image-940\" title=\"17c11ae2f2331bc21fc3bd0c2aaac6af\" src=\"\/vivirenelfilo\/wp-content\/uploads\/sites\/18\/2016\/08\/17c11ae2f2331bc21fc3bd0c2aaac6af.jpg\" alt=\"\" width=\"200\" height=\"300\" srcset=\"https:\/\/static-blogs.laverdad.es\/wp-content\/uploads\/sites\/18\/2016\/08\/17c11ae2f2331bc21fc3bd0c2aaac6af.jpg 564w, https:\/\/static-blogs.laverdad.es\/wp-content\/uploads\/sites\/18\/2016\/08\/17c11ae2f2331bc21fc3bd0c2aaac6af-200x300.jpg 200w\" sizes=\"(max-width: 200px) 100vw, 200px\" \/><\/a><\/p>\n<p><a href=\"\/vivirenelfilo\/wp-content\/uploads\/sites\/18\/2016\/08\/IMG-20141224-WA0052.jpg\"><br \/>\n<\/a><\/p>\n<p>Me siento en tus rodillas y cantamos La flor de la canela. Te sorprende que me sepa la canci\u00f3n. &#8220;De memoria. Una de mis favoritas&#8221;. Relatas an\u00e9cdotas de canciones y familia. Me hubiera gustado estar ah\u00ed, con los tuyos. Que los tuyos fueran los m\u00edos porque en el fondo est\u00e1 claro que nos parecemos. He llegado a pensar que compartimos hasta parte del ADN.<\/p>\n<p><strong>T\u00fa y yo somos como los personajes de mi carta de tarot favorita: El sol<\/strong>. Las almas gemelas, con los mismos miedos y cobard\u00edas. Nuestra misma forma de escapar de la realidad: jazmines en el pelo y rosas en la cara. Como en el naipe, nos tocamos el coraz\u00f3n con las manos y estamos desnudos y felices bajo un gran sol de ternura y amor incondicional. Airosa caminaba, la flor de la canela.<\/p>\n<p>Sentada en tus rodillas me alimentas con tus besos, como el padre amoroso que eres. Afuera, en la calle, hay ruido de camiones, cl\u00e1xones y fr\u00edo pero t\u00fa y yo estamos en el \u00fatero de la felicidad, inmersos en el remolino del amor, la pasi\u00f3n, la lascivia y el deseo.<\/p>\n<p>Nos tocamos como ni\u00f1os de escuela que descubren sus sexos, conseguimos el \u00e9xtasis del otro con felicidad y facilidad. Bailamos desnudos frente al pupitre una bachata, una salsa. <strong>Me siento esta vez frente a ti, contigo dentro de mi y eres un balanc\u00edn que me acuna y me hace flotar. Una nube de olores y feromonas, sin alcohol, sin sustancias t\u00f3xicas<\/strong>. Todo es limpio entre nosotros. Nuestro sudor, nuestros fluidos: &#8220;vida m\u00eda, me vuelves loco&#8221;. Rosas en la cara.<\/p>\n<p>No articulo palabras pero los jadeos, los aullidos, son el mejor piropo que puedo ofrecerte. Los estertores y la locura. Y te derramas como en la canci\u00f3n. Derramas lisura. Y hay aromas de mixtura en nuestro pelo, en nuestros abrazos.<\/p>\n<p>No, yo tampoco quiero que termine. Q<strong>uiero me lleves de tu brazo del puente a la alameda. Porque mi pie es menudo<\/strong>, como dice la letra. Porque nuestro amor es sabroso, dulce, picante. M\u00e1s, mucho m\u00e1s hermoso que la flor de la canela. <strong>La vereda se estremece al ritmo de nuestras caderas<\/strong>.<\/p>\n<p>&nbsp;<\/p>\n<p style=\"text-align: center;\"><a href=\"\/vivirenelfilo\/wp-content\/uploads\/sites\/18\/2016\/08\/IMG-20141224-WA0052.jpg\"><img loading=\"lazy\" title=\"IMG-20141224-WA0052\" src=\"\/vivirenelfilo\/wp-content\/uploads\/sites\/18\/2016\/08\/IMG-20141224-WA0052.jpg\" alt=\"\" width=\"271\" height=\"300\" \/><\/a><\/p>\n","protected":false},"excerpt":{"rendered":"<p>Me siento en tus rodillas y cantamos La flor de la canela. Te sorprende que me sepa la canci\u00f3n. &#8220;De memoria. Una de mis favoritas&#8221;. Relatas an\u00e9cdotas de canciones y familia. Me hubiera gustado estar ah\u00ed, con los tuyos. Que los tuyos fueran los m\u00edos porque en el fondo est\u00e1 claro que nos parecemos. He [&hellip;]<\/p>\n","protected":false},"author":18,"featured_media":0,"comment_status":"open","ping_status":"open","sticky":false,"template":"","format":"standard","meta":[],"categories":[133],"tags":[238],"_links":{"self":[{"href":"https:\/\/blogs.laverdad.es\/vivirenelfilo\/wp-json\/wp\/v2\/posts\/938"}],"collection":[{"href":"https:\/\/blogs.laverdad.es\/vivirenelfilo\/wp-json\/wp\/v2\/posts"}],"about":[{"href":"https:\/\/blogs.laverdad.es\/vivirenelfilo\/wp-json\/wp\/v2\/types\/post"}],"author":[{"embeddable":true,"href":"https:\/\/blogs.laverdad.es\/vivirenelfilo\/wp-json\/wp\/v2\/users\/18"}],"replies":[{"embeddable":true,"href":"https:\/\/blogs.laverdad.es\/vivirenelfilo\/wp-json\/wp\/v2\/comments?post=938"}],"version-history":[{"count":1,"href":"https:\/\/blogs.laverdad.es\/vivirenelfilo\/wp-json\/wp\/v2\/posts\/938\/revisions"}],"predecessor-version":[{"id":1340,"href":"https:\/\/blogs.laverdad.es\/vivirenelfilo\/wp-json\/wp\/v2\/posts\/938\/revisions\/1340"}],"wp:attachment":[{"href":"https:\/\/blogs.laverdad.es\/vivirenelfilo\/wp-json\/wp\/v2\/media?parent=938"}],"wp:term":[{"taxonomy":"category","embeddable":true,"href":"https:\/\/blogs.laverdad.es\/vivirenelfilo\/wp-json\/wp\/v2\/categories?post=938"},{"taxonomy":"post_tag","embeddable":true,"href":"https:\/\/blogs.laverdad.es\/vivirenelfilo\/wp-json\/wp\/v2\/tags?post=938"}],"curies":[{"name":"wp","href":"https:\/\/api.w.org\/{rel}","templated":true}]}}