{"id":20,"date":"2015-09-28T01:44:26","date_gmt":"2015-09-28T00:44:26","guid":{"rendered":"http:\/\/blogs.laverdad.es\/yotambienestoyenparo\/?p=20"},"modified":"2015-09-28T01:44:26","modified_gmt":"2015-09-28T00:44:26","slug":"y-por-que-a-mi-no","status":"publish","type":"post","link":"https:\/\/blogs.laverdad.es\/yotambienestoyenparo\/2015\/09\/28\/y-por-que-a-mi-no\/","title":{"rendered":"\u00bfY por qu\u00e9 a mi no?"},"content":{"rendered":"<p>Me recordaba <a title=\"Perfil de Facebook\" href=\"https:\/\/www.facebook.com\/pedro.hernandezcaballero.1\" target=\"_blank\" rel=\"external nofollow\">Pedro Hern\u00e1ndez Caballero<\/a>, presidente de la junta local de la <a href=\"https:\/\/www.aecc.es\/Paginas\/PaginaPrincipal.aspx\" target=\"_blank\" rel=\"external nofollow\">Asociaci\u00f3n Espa\u00f1ola contra el C\u00e1ncer<\/a> en <a href=\"https:\/\/es.wikipedia.org\/wiki\/Alcantarilla_(Espa%C3%B1a)\" target=\"_blank\" rel=\"external nofollow\">Alcantarilla<\/a>, la pregunta que me hac\u00eda cuando recib\u00ed el diagn\u00f3stico, hace casi nueve a\u00f1os: &#8220;Entonces te preguntabas \u00bfpor qu\u00e9 a m\u00ed? Sin embargo, con lo vivido hasta ahora, la pregunta debe ser otra \u00bfpor qu\u00e9 a m\u00ed no?&#8221;<\/p>\n<p>&nbsp;<\/p>\n<p style=\"text-align: center;\"><a href=\"\/yotambienestoyenparo\/wp-content\/uploads\/sites\/9\/2015\/09\/porque-a-mi.jpg\"><img loading=\"lazy\" decoding=\"async\" class=\"size-medium wp-image-21 aligncenter\" title=\"porque a mi\" src=\"\/yotambienestoyenparo\/wp-content\/uploads\/sites\/9\/2015\/09\/porque-a-mi.jpg\" alt=\"\" width=\"240\" height=\"300\" srcset=\"https:\/\/blogs.laverdad.es\/yotambienestoyenparo\/wp-content\/uploads\/sites\/9\/2015\/09\/porque-a-mi.jpg 300w, https:\/\/blogs.laverdad.es\/yotambienestoyenparo\/wp-content\/uploads\/sites\/9\/2015\/09\/porque-a-mi-240x300.jpg 240w\" sizes=\"auto, (max-width: 240px) 100vw, 240px\" \/><\/a><\/p>\n<p>Y tiene raz\u00f3n Pedro, cuando la vida da un vuelco nos preguntamos por qu\u00e9 nos ha tocado a nosotros, crey\u00e9ndonos inmunes a las desgracias, las malas noticias, las enfermedades o los accidentes, sencillamente porque elegimos vivir as\u00ed. Un error sobre el que aprendemos m\u00e1s adelante, cuando vemos que no solo es posible que nos ocurra a nosotros (\u00bfqui\u00e9n eres t\u00fa para que las desgracias solo le ocurran a otros?) sino que es incluso posible que la ruleta gire y gire agravando mucho el peor de los escenarios que pudi\u00e9ramos imaginar para nosotros mismos.<\/p>\n<p>Hoy retomo la edici\u00f3n de este blog con esta reflexi\u00f3n, porque la experiencia en torno al c\u00e1ncer es algo que nunca se acaba, que dura y dura como aquel <a href=\"https:\/\/www.youtube.com\/watch?v=DqrF-BzrXmg\" target=\"_blank\" rel=\"external nofollow\">conejito tan famoso<\/a> \u00bfrecuerdas? y los sentimientos que despierta tampoco se evaporan.<\/p>\n<p>Quiero seguir compartiendo informaci\u00f3n de inter\u00e9s a trav\u00e9s de esta publicaci\u00f3n a la vez que trato de mantener lo que aprend\u00ed con todo aquel sufrimiento. Porque la vida es sencilla, pero caprichosa.<\/p>\n<!-- AddThis Advanced Settings generic via filter on the_content --><!-- AddThis Share Buttons generic via filter on the_content -->","protected":false},"excerpt":{"rendered":"<p>Me recordaba Pedro Hern\u00e1ndez Caballero, presidente de la junta local de la Asociaci\u00f3n Espa\u00f1ola contra el C\u00e1ncer en Alcantarilla, la pregunta que me hac\u00eda cuando recib\u00ed el diagn\u00f3stico, hace casi nueve a\u00f1os: &#8220;Entonces te preguntabas \u00bfpor qu\u00e9 a m\u00ed? Sin embargo, con lo vivido hasta ahora, la pregunta debe ser otra \u00bfpor qu\u00e9 a m\u00ed [&hellip;]<!-- AddThis Advanced Settings generic via filter on get_the_excerpt --><!-- AddThis Share Buttons generic via filter on get_the_excerpt --><\/p>\n","protected":false},"author":10,"featured_media":0,"comment_status":"open","ping_status":"open","sticky":false,"template":"","format":"standard","meta":{"footnotes":""},"categories":[5],"tags":[38,39,40,41,42,43],"class_list":["post-20","post","type-post","status-publish","format-standard","hentry","category-sin-categoria","tag-aecc","tag-cancer","tag-emociones","tag-pedro-hernandez-caballero","tag-preguntas","tag-tiempo"],"_links":{"self":[{"href":"https:\/\/blogs.laverdad.es\/yotambienestoyenparo\/wp-json\/wp\/v2\/posts\/20","targetHints":{"allow":["GET"]}}],"collection":[{"href":"https:\/\/blogs.laverdad.es\/yotambienestoyenparo\/wp-json\/wp\/v2\/posts"}],"about":[{"href":"https:\/\/blogs.laverdad.es\/yotambienestoyenparo\/wp-json\/wp\/v2\/types\/post"}],"author":[{"embeddable":true,"href":"https:\/\/blogs.laverdad.es\/yotambienestoyenparo\/wp-json\/wp\/v2\/users\/10"}],"replies":[{"embeddable":true,"href":"https:\/\/blogs.laverdad.es\/yotambienestoyenparo\/wp-json\/wp\/v2\/comments?post=20"}],"version-history":[{"count":0,"href":"https:\/\/blogs.laverdad.es\/yotambienestoyenparo\/wp-json\/wp\/v2\/posts\/20\/revisions"}],"wp:attachment":[{"href":"https:\/\/blogs.laverdad.es\/yotambienestoyenparo\/wp-json\/wp\/v2\/media?parent=20"}],"wp:term":[{"taxonomy":"category","embeddable":true,"href":"https:\/\/blogs.laverdad.es\/yotambienestoyenparo\/wp-json\/wp\/v2\/categories?post=20"},{"taxonomy":"post_tag","embeddable":true,"href":"https:\/\/blogs.laverdad.es\/yotambienestoyenparo\/wp-json\/wp\/v2\/tags?post=20"}],"curies":[{"name":"wp","href":"https:\/\/api.w.org\/{rel}","templated":true}]}}