{"id":126,"date":"2012-03-20T04:00:07","date_gmt":"2012-03-20T03:00:07","guid":{"rendered":"http:\/\/blogs.laverdad.es\/yotambientengocancer\/?p=126"},"modified":"2012-03-20T04:00:07","modified_gmt":"2012-03-20T03:00:07","slug":"cita-en-madrid-cuando-la-lluvia-no-te-alcanza-y-el-rayo-films","status":"publish","type":"post","link":"https:\/\/blogs.laverdad.es\/yotambientengocancer\/2012\/03\/20\/cita-en-madrid-cuando-la-lluvia-no-te-alcanza-y-el-rayo-films\/","title":{"rendered":"Cita en Madrid: &#039;Cuando la lluvia no te alcanza&#039; y El Rayo Films"},"content":{"rendered":"<p>Madrid marc\u00f3 mi agenda durante la semana pasada. Llevaba varios d\u00edas preparando un viaje que, pese a que finalmente no se pudo desarrollar como estaba previsto, me ha aportado mucho personal y profesionalmente.<\/p>\n<p>La cita; el proyecto de <a href=\"http:\/\/es.linkedin.com\/in\/koensuidgeest\" target=\"_blank\">Koen Suidgeest<\/a>, de <a href=\"http:\/\/http:\/\/www.elrayofilms.com\/ERF\/index.html\" target=\"_blank\">El Rayo Films<\/a>, por el que est\u00e1 confeccionando un libro con las im\u00e1genes de decenas de mujeres afectadas por c\u00e1ncer que hemos querido participar mostrando as\u00ed las &#8216;heridas de guerra&#8217; que nos ha dejado la lucha contra una enfermedad y con las que vivimos a diario.<\/p>\n<p>El proyecto se est\u00e1 desarrollando en colaboraci\u00f3n con el Grupo Espa\u00f1ol de Pacientes con C\u00e1ncer, <a href=\"http:\/\/www.gepac.es\/\" target=\"_blank\">Gepac<\/a>, y ser\u00e1 editado pr\u00f3ximamente por la editorial <a href=\"http:\/\/www.liniazero.com\/\" target=\"_blank\">Liniazero<\/a> de <a href=\"http:\/\/www.bcn.es\/\" target=\"_blank\">Barcelona<\/a>. (Si alguien m\u00e1s quiere participar puede hacerlo contactando con marialuisa@elrayofilms.com)<\/p>\n<p>Ni qu\u00e9 decir tiene que la recompensa ser\u00e1 siempre saber que nuestra imagen puede ayudar a otras personas y familiares a vencer al miedo que causa la palabra c\u00e1ncer y las secuelas de los tratamientos. Al menos, as\u00ed es como yo me lo he planteado, porque estuve esperando una oferta de <a href=\"http:\/\/interviu.es\/\" target=\"_blank\">Intervi\u00fa<\/a>, pero no llegaba. \ud83d\ude09<\/p>\n<p>&nbsp;<\/p>\n<p><a href=\"\/yotambientengocancer\/wp-content\/uploads\/sites\/16\/2012\/03\/CARTEL-PROMO-EVA-M\u00c1RQUEZ-1.jpg\"><img loading=\"lazy\" class=\"aligncenter size-medium wp-image-127\" title=\"CARTEL PROMO EVA M\u00c1RQUEZ (1)\" src=\"\/yotambientengocancer\/wp-content\/uploads\/sites\/16\/2012\/03\/CARTEL-PROMO-EVA-M\u00c1RQUEZ-1.jpg\" alt=\"\" width=\"207\" height=\"300\" srcset=\"https:\/\/static-blogs.laverdad.es\/wp-content\/uploads\/sites\/16\/2012\/03\/CARTEL-PROMO-EVA-M\u00c1RQUEZ-1.jpg 443w, https:\/\/static-blogs.laverdad.es\/wp-content\/uploads\/sites\/16\/2012\/03\/CARTEL-PROMO-EVA-M\u00c1RQUEZ-1-208x300.jpg 208w\" sizes=\"(max-width: 207px) 100vw, 207px\" \/><\/a><\/p>\n<p>Lo mejor de este proyecto es que lleg\u00f3 a mi de la mano de otra iniciativa a\u00fan m\u00e1s emotiva y enriquecedora; la presentaci\u00f3n del libro de <a href=\"Http:\/\/cosasqnuncatedire.blogspot.com\" target=\"_blank\">Eva M\u00e1rquez<\/a> <a href=\"http:\/\/www.bohodon.es\/publicacion.php?id=217\" target=\"_blank\">&#8216;Cuando la lluvia no te alcanza&#8217;<\/a>. Eva escribi\u00f3 este poemario\u00a0mientras una de sus hermanas recib\u00eda el diagn\u00f3stico y se enfrentaba a la enfermedad, de la que afortunadamente se est\u00e1 recuperando.<\/p>\n<p>&nbsp;<\/p>\n<p><a href=\"\/yotambientengocancer\/wp-content\/uploads\/sites\/16\/2012\/03\/pub_217g.jpg\"><img loading=\"lazy\" class=\"aligncenter size-medium wp-image-128\" title=\"pub_217g\" src=\"\/yotambientengocancer\/wp-content\/uploads\/sites\/16\/2012\/03\/pub_217g.jpg\" alt=\"\" width=\"205\" height=\"300\" srcset=\"https:\/\/static-blogs.laverdad.es\/wp-content\/uploads\/sites\/16\/2012\/03\/pub_217g.jpg 596w, https:\/\/static-blogs.laverdad.es\/wp-content\/uploads\/sites\/16\/2012\/03\/pub_217g-206x300.jpg 206w\" sizes=\"(max-width: 205px) 100vw, 205px\" \/><\/a><\/p>\n<p>El acto fue emotivo, enriquecedor, solidario, informativo. Pero sobre todo result\u00f3 ser transgresor al superar muchas barreras y reunir, en torno a una serie de maravillosos poemas, inquietud, conocimientos y experiencias personales en torno al c\u00e1ncer de mama, el hilo conductor de todo.<\/p>\n<p>Porque la poetisa don\u00f3 generosamente parte del tiempo de que dispon\u00eda para su libro, con el fin de que la presentaci\u00f3n se convirtiera en algo m\u00e1s, en una muestra de nuestras visiones; el proyecto de Koen, la informaci\u00f3n m\u00e9dica y las experiencias de un grupo de mujeres que nos desplazamos desde distintos puntos de Espa\u00f1a para participar.<\/p>\n<p>Eva es fant\u00e1stica, como tambi\u00e9n lo es Koen y Mar\u00eda Luisa Fern\u00e1ndez (tambi\u00e9n de El Rayo Films), pero a\u00fan m\u00e1s fant\u00e1sticas son las mujeres que me acompa\u00f1aron en la \u00faltima parte del acto, la de las intervenciones personales. \u00a1Cu\u00e1nta fuerza! La energ\u00eda que se despleg\u00f3 en ese momento en el foro de la <a href=\"http:\/\/tiendas.fnac.es\/castellana\/\" target=\"_blank\">Fnac de Paseo de la Castellana<\/a>.<\/p>\n<p>&nbsp;<\/p>\n<p><a href=\"\/yotambientengocancer\/wp-content\/uploads\/sites\/16\/2012\/03\/fnac-castellan.jpeg\"><img loading=\"lazy\" class=\"aligncenter size-full wp-image-129\" title=\"fnac castellan\" src=\"\/yotambientengocancer\/wp-content\/uploads\/sites\/16\/2012\/03\/fnac-castellan.jpeg\" alt=\"\" width=\"275\" height=\"183\" \/><\/a><\/p>\n<p>&nbsp;<\/p>\n<p>Porque, en ese momento la vida se abri\u00f3 paso una vez m\u00e1s entre el p\u00fablico asistente (que fue mucho) para mostrarnos a todos que somos mucho m\u00e1s fuertes de lo que pensamos. Al menos, eso fue lo que yo transmit\u00ed durante mi intervenci\u00f3n. Junto a mi, luciendo como soles, un grupo de mujeres extraordinarias expresaron igualmente lo vivido. Entre todas, quisiera destacar la presencia de alguien que luch\u00f3 en 2008, como yo. Una periodista extraordinaria que tambi\u00e9n se lanz\u00f3 a escribir un <a href=\"http:\/\/sisinmispechos.blogspot.com.es\/\" target=\"_blank\">blog<\/a> para relatar su experiencia en torno al c\u00e1ncer; <a href=\"https:\/\/www.facebook.com\/duloss2000\" target=\"_blank\">Dul\u00f3s Domenech<\/a>. Ella y yo nos seguimos mutuamente a trav\u00e9s de nuestros blogs y tuvimos conocimiento de cada fase de la enfermedad, algo que seg\u00fan pude comprobar el jueves en Madrid, une mucho incluso en la distancia. Porque cuando finalmente nos pudimos encontrar, descubrimos que ya sab\u00edamos mucho la una de la otra, que nuestras experiencias en determinadas \u00e1reas de nuestras vidas eran similares y que eso es algo que, no solo no vamos a olvidar, sino que nos va a mantener unidas en el futuro.<\/p>\n<p><a href=\"\/yotambientengocancer\/wp-content\/uploads\/sites\/16\/2012\/03\/DSC01244.jpg\"><img loading=\"lazy\" class=\"aligncenter size-medium wp-image-130\" title=\"DSC01244\" src=\"\/yotambientengocancer\/wp-content\/uploads\/sites\/16\/2012\/03\/DSC01244.jpg\" alt=\"\" width=\"300\" height=\"200\" srcset=\"https:\/\/static-blogs.laverdad.es\/wp-content\/uploads\/sites\/16\/2012\/03\/DSC01244.jpg 640w, https:\/\/static-blogs.laverdad.es\/wp-content\/uploads\/sites\/16\/2012\/03\/DSC01244-300x201.jpg 300w\" sizes=\"(max-width: 300px) 100vw, 300px\" \/><\/a><\/p>\n<p>\u00a1Gracias a todas por vuestra extraordinaria calidad humana, vuestra fuerza y vuestra energ\u00eda positiva!<\/p>\n<p>De izquierda a derecha:\u00a0<strong>Dul\u00f3s, Luisa, yo, Noelia, Mar\u00eda Hortensia, Paloma, Sonia, Eva y Paz<\/strong><\/p>\n<p>\u00a1Ah! Y gracias tambi\u00e9n a mi compa\u00f1\u00eda: Frisco y Paulita \ud83d\ude09 por recorrer junto a mi m\u00e1s de 800 kil\u00f3metros en pocas horas.<\/p>\n<p>Si alguien quiere escuchar el acto:<\/p>\n<div><a href=\"http:\/\/www.goear.com\/listen\/4264e63\/visiones-sobre-el-cancer-de-mama-eva-marquez\">http:\/\/www.goear.com\/listen\/4264e63\/visiones-sobre-el-cancer-de-mama-eva-marquez<\/a><\/div>\n","protected":false},"excerpt":{"rendered":"<p>Madrid marc\u00f3 mi agenda durante la semana pasada. Llevaba varios d\u00edas preparando un viaje que, pese a que finalmente no se pudo desarrollar como estaba previsto, me ha aportado mucho personal y profesionalmente. La cita; el proyecto de Koen Suidgeest, de El Rayo Films, por el que est\u00e1 confeccionando un libro con las im\u00e1genes de [&hellip;]<\/p>\n","protected":false},"author":16,"featured_media":0,"comment_status":"open","ping_status":"closed","sticky":false,"template":"","format":"standard","meta":[],"categories":[5],"tags":[],"_links":{"self":[{"href":"https:\/\/blogs.laverdad.es\/yotambientengocancer\/wp-json\/wp\/v2\/posts\/126"}],"collection":[{"href":"https:\/\/blogs.laverdad.es\/yotambientengocancer\/wp-json\/wp\/v2\/posts"}],"about":[{"href":"https:\/\/blogs.laverdad.es\/yotambientengocancer\/wp-json\/wp\/v2\/types\/post"}],"author":[{"embeddable":true,"href":"https:\/\/blogs.laverdad.es\/yotambientengocancer\/wp-json\/wp\/v2\/users\/16"}],"replies":[{"embeddable":true,"href":"https:\/\/blogs.laverdad.es\/yotambientengocancer\/wp-json\/wp\/v2\/comments?post=126"}],"version-history":[{"count":0,"href":"https:\/\/blogs.laverdad.es\/yotambientengocancer\/wp-json\/wp\/v2\/posts\/126\/revisions"}],"wp:attachment":[{"href":"https:\/\/blogs.laverdad.es\/yotambientengocancer\/wp-json\/wp\/v2\/media?parent=126"}],"wp:term":[{"taxonomy":"category","embeddable":true,"href":"https:\/\/blogs.laverdad.es\/yotambientengocancer\/wp-json\/wp\/v2\/categories?post=126"},{"taxonomy":"post_tag","embeddable":true,"href":"https:\/\/blogs.laverdad.es\/yotambientengocancer\/wp-json\/wp\/v2\/tags?post=126"}],"curies":[{"name":"wp","href":"https:\/\/api.w.org\/{rel}","templated":true}]}}