{"id":141,"date":"2013-09-13T09:40:27","date_gmt":"2013-09-13T08:40:27","guid":{"rendered":"http:\/\/blogs.laverdad.es\/yotambientengocancer\/?p=141"},"modified":"2013-09-13T09:40:27","modified_gmt":"2013-09-13T08:40:27","slug":"sobre-estimulos-humanos-y-la-verdadera-riqueza-de-las-personas","status":"publish","type":"post","link":"https:\/\/blogs.laverdad.es\/yotambientengocancer\/2013\/09\/13\/sobre-estimulos-humanos-y-la-verdadera-riqueza-de-las-personas\/","title":{"rendered":"Sobre est\u00edmulos humanos y la verdadera riqueza de las personas"},"content":{"rendered":"<p>Algunas cosas requieren su tiempo, y escribir en este blog es una de ellas. Me siento ante el teclado de mi ordenador para hacer un poco de submarinismo por las emociones que me produce mi experiencia con el c\u00e1ncer y esta es mi primera parada;<\/p>\n<p>&nbsp;<\/p>\n<div style=\"width: 598px\" class=\"wp-caption aligncenter\"><a href=\"http:\/\/ep00.epimg.net\/elpais\/imagenes\/2013\/09\/06\/eps\/1378477407_264337_1378482473_noticia_grande.jpg\"><img loading=\"lazy\" title=\"Entrevista a Jos\u00e9 Carreras\" src=\"\/\/ep00.epimg.net\/elpais\/imagenes\/2013\/09\/06\/eps\/1378477407_264337_1378482473_noticia_grande.jpg\" alt=\"Despu\u00e9s de m\u00e1s de veinte a\u00f1os, \u00e9l tambi\u00e9n mantiene a\u00fan una relaci\u00f3n con el c\u00e1ncer\" width=\"588\" height=\"826\" \/><\/a><p class=\"wp-caption-text\">Foto: Caterina Barjau<\/p><\/div>\n<p>&nbsp;<\/p>\n<p>Es la <a href=\"http:\/\/elpais.com\/elpais\/2013\/09\/06\/eps\/1378477407_264337.html\" target=\"_blank\">entrevista<\/a> que concedi\u00f3 hace unos d\u00edas<a title=\"Wikibio\" href=\"http:\/\/es.wikipedia.org\/wiki\/Jos%C3%A9_Carreras\" target=\"_blank\"> Jos\u00e9 Carreras<\/a>, uno de nuestros tenores internacionales, a <a href=\"http:\/\/elpais.com\" target=\"_blank\">El Pa\u00eds Semanal<\/a>. En ella se detiene a realizar algunas afirmaciones que me llaman la atenci\u00f3n porque, una vez m\u00e1s, se comprueba que todos sentimos lo mismo ante determinadas situaciones, que nada nos iguala m\u00e1s que la salud y que por mucho que pasen los a\u00f1os, algunas experiencias se nos quedan grabadas a fuego.<\/p>\n<p>Dice Carreras que, pese a lo que pueda parecer, ahora considera que el diagn\u00f3stico de c\u00e1ncer recibido a los 40 a\u00f1os cuando estaba en la cumbre de su carrera &#8220;fue para bien&#8221; y define su <a href=\"http:\/\/www.fcarreras.org\/es\/\" target=\"_blank\">fundaci\u00f3n<\/a> como &#8220;un est\u00edmulo humano&#8221;. Se\u00f1ala tambi\u00e9n que es importante aprender a decir &#8216;no&#8217; &#8220;aunque es dif\u00edcil, en lo profesional y en lo privado&#8221; y sobre la experiencia con el c\u00e1ncer que &#8220;Fue duro. Despu\u00e9s de meses de aislamiento, uno debe reconstruir su fortaleza mental, tuve la suerte de conseguirlo.&#8221; Pero lo que m\u00e1s me llama la atenci\u00f3n es su reflexi\u00f3n posterior; &#8220;uno tiene tiempo de pensar en todo: en lo consecuente y extraordinariamente sabio que vas a ser cuando salgas del atolladero, y despu\u00e9s resulta que no es verdad. En el momento que empiezas a encontrarte bien, vuelves a caer, no siempre, en lo que en ese periodo te planteaste no volver a hacer, los mismos errores&#8221;. \u00a1\u00a1Qu\u00e9 raz\u00f3n tiene!!<\/p>\n<p>Mi segunda parada hoy es para recordar algo que repito muy a menudo; la realidad siempre supera a la ficci\u00f3n y si te pones caprichoso con la vida, los acontecimientos se superan continuamente. Cuando imitaba una funda de sof\u00e1 a causa de la escasa fuerza con que me dejaba la quimioterapia tuve la ocasi\u00f3n de comprobar por primera vez tras el diagn\u00f3stico c\u00f3mo todo se puede volver en nuestra contra con la mayor crueldad. Mientras yo me lamentaba de mi suerte, que me hab\u00eda llevado a estar luchando por mi vida en vez de jugar con mi hija de apenas dos a\u00f1os, 154 personas mor\u00edan en el <a title=\"Accidente Spanair\" href=\"http:\/\/www.antena3.com\/especiales\/noticias\/en-un-mes-de\/agosto\/fallecen-154-personas-accidente-aereo-spanair_2011071800194.html\" target=\"_blank\">accidente de Spanair<\/a> que tuvo lugar en <a title=\"Barajas\" href=\"http:\/\/www.aena-aeropuertos.es\/csee\/Satellite\/Aeropuerto-Madrid-Barajas\" target=\"_blank\">Barajas<\/a> el 20 de agosto de 2008.<\/p>\n<p>Entonces me plante\u00e9 que, por muy desgraciado que uno se pueda sentir, es f\u00e1cil que otro sufra una desgracia a\u00fan mayor. All\u00ed estaba yo, literalmente hecha polvo, pero con la oportunidad a\u00fan de luchar por mi vida mientras esas personas la hab\u00edan perdido en un instante en que, probablemente, incluso se sent\u00edan felices con la suya. La enfermedad debilita, aisla y golpea, pero tambi\u00e9n te ayuda a reflexionar. Despu\u00e9s el reto es no olvidar, tratar de separar una mala experiencia del aprendizaje que conlleva y mantener vivas las conclusiones a que has llegado para que te acompa\u00f1en el resto de tu vida. Sea lo que sea lo que significa &#8216;el resto&#8217;.<\/p>\n<p>Hace unos d\u00edas, unos amigos recib\u00edan una impactante noticia; la p\u00e9rdida de su hija apenas unos d\u00edas antes de su fecha prevista de nacimiento. Como madre, no se me ocurre mayor desgracia que recibir una noticia as\u00ed y tener que dar a luz a un ser sin vida mientras lloras por su p\u00e9rdida. Ahora ellos me han recordado que lo importante es saber extraer lo positivo de cada experiencia a trav\u00e9s de su <a title=\"Proceso de duelo ante la p\u00e9rdida de un ser querido\" href=\"http:\/\/blog.loftalento.com\/2013\/09\/02\/proceso-de-duelo-ante-la-perdida-de-un-hijo-2\/\" target=\"_blank\">blog<\/a> y la grandeza del coraz\u00f3n humano cuando, incluso estando encogido por el dolor, encuentra un hueco para dar las gracias como ellos lo hacen en este v\u00eddeo:<\/p>\n<p><a href=\"https:\/\/www.youtube.com\/watch?feature=player_embedded&#038;v=wJIh1TDOUxY\">Gracias por vuestro cari\u00f1o y apoyo<\/a><\/p>\n<p>No se me ocurre mayor demostraci\u00f3n de entereza, de riqueza humana, de cercan\u00eda.<\/p>\n<p>El pr\u00f3ximo 25 de octubre acabo con el tratamiento de <a title=\"Wikidefinici\u00f3n\" href=\"http:\/\/es.wikipedia.org\/wiki\/Tamoxifeno\" target=\"_blank\">Tamoxifeno<\/a>, la denominada &#8216;quimioterapia suave&#8217; (\u00a1como si hubiera una quimioterapia suave!) Con el fin de este tratamiento, que ha durado cinco a\u00f1os, creo que se cierra todo un plazo, toda una experiencia. Por eso vivo con expectaci\u00f3n moderada estos d\u00edas, ante esa fecha, y vuelvo sobre mis pasos para hacer m\u00eda la reflexi\u00f3n de Carreras. La respuesta me sacude \u00bfSabia yo? No, m\u00e1s bien necia.<\/p>\n<p>&nbsp;<\/p>\n<p>&nbsp;<\/p>\n","protected":false},"excerpt":{"rendered":"<p>Algunas cosas requieren su tiempo, y escribir en este blog es una de ellas. Me siento ante el teclado de mi ordenador para hacer un poco de submarinismo por las emociones que me produce mi experiencia con el c\u00e1ncer y esta es mi primera parada; &nbsp; &nbsp; Es la entrevista que concedi\u00f3 hace unos d\u00edas [&hellip;]<\/p>\n","protected":false},"author":16,"featured_media":0,"comment_status":"open","ping_status":"open","sticky":false,"template":"","format":"standard","meta":[],"categories":[2,3,4],"tags":[42,115,181,216],"_links":{"self":[{"href":"https:\/\/blogs.laverdad.es\/yotambientengocancer\/wp-json\/wp\/v2\/posts\/141"}],"collection":[{"href":"https:\/\/blogs.laverdad.es\/yotambientengocancer\/wp-json\/wp\/v2\/posts"}],"about":[{"href":"https:\/\/blogs.laverdad.es\/yotambientengocancer\/wp-json\/wp\/v2\/types\/post"}],"author":[{"embeddable":true,"href":"https:\/\/blogs.laverdad.es\/yotambientengocancer\/wp-json\/wp\/v2\/users\/16"}],"replies":[{"embeddable":true,"href":"https:\/\/blogs.laverdad.es\/yotambientengocancer\/wp-json\/wp\/v2\/comments?post=141"}],"version-history":[{"count":0,"href":"https:\/\/blogs.laverdad.es\/yotambientengocancer\/wp-json\/wp\/v2\/posts\/141\/revisions"}],"wp:attachment":[{"href":"https:\/\/blogs.laverdad.es\/yotambientengocancer\/wp-json\/wp\/v2\/media?parent=141"}],"wp:term":[{"taxonomy":"category","embeddable":true,"href":"https:\/\/blogs.laverdad.es\/yotambientengocancer\/wp-json\/wp\/v2\/categories?post=141"},{"taxonomy":"post_tag","embeddable":true,"href":"https:\/\/blogs.laverdad.es\/yotambientengocancer\/wp-json\/wp\/v2\/tags?post=141"}],"curies":[{"name":"wp","href":"https:\/\/api.w.org\/{rel}","templated":true}]}}