{"id":149,"date":"2014-04-14T01:11:21","date_gmt":"2014-04-14T00:11:21","guid":{"rendered":"http:\/\/blogs.laverdad.es\/yotambientengocancer\/?p=149"},"modified":"2014-04-14T01:11:21","modified_gmt":"2014-04-14T00:11:21","slug":"haciendo-musculo","status":"publish","type":"post","link":"https:\/\/blogs.laverdad.es\/yotambientengocancer\/2014\/04\/14\/haciendo-musculo\/","title":{"rendered":"Haciendo m\u00fasculo"},"content":{"rendered":"<p>Nada m\u00e1s lejos de la realidad que pensar que llegar\u00e1 el momento en que uno pueda cerrar la puerta tras el c\u00e1ncer y dejar atr\u00e1s todo lo vivido. Han pasado m\u00e1s de seis a\u00f1os y aqu\u00ed seguimos, dando vueltas a la experiencia, a los tratamientos que parece no acabar\u00e1n nunca y a los efectos que todo esto sigue teniendo en mi vida. <\/p>\n<p><div style=\"width: 344px\" class=\"wp-caption aligncenter\"><img loading=\"lazy\" alt=\"M\u00fasculo ante el c\u00e1ncer\" src=\"\/\/nobabel.mx\/wp-content\/uploads\/2013\/07\/running-shoes.jpg\" title=\"Haciendo ejercicio\" width=\"334\" height=\"334\" \/><p class=\"wp-caption-text\">Ejercitando los m\u00fasculos para afrontar la vida<\/p><\/div><br \/>\nQuiz\u00e1 lo menos destacado de todo, una vez que colocas cada tema sobre la mesa, sea la prolongaci\u00f3n de los tratamientos que inicialmente iban a durar cinco a\u00f1os a una d\u00e9cada. Pero es importante. Me impact\u00f3 tanto la noticia que incluso me plante\u00e9 muy seriamente abandonar. Dejar que mi organismo y la suerte obraran mientras hu\u00eda de la bien intencionada tiran\u00eda de tanto tratamiento que me persigue durante a\u00f1os. Tranquilos, al final rechac\u00e9 la idea por la responsabilidad que tengo hacia mi hija, y por mi compromiso con la felicidad. <\/p>\n<p>A\u00fan recuerdo c\u00f3mo me avisaron las enfermeras, el d\u00eda que recib\u00ed el diagn\u00f3stico, de que el c\u00e1ncer iba a cambiar mi vida por completo. Y tambi\u00e9n recuerdo c\u00f3mo los primeros meses viv\u00eda con un ingenuo orgullo pensando que eso no me iba a ocurrir a m\u00ed. Han pasado seis a\u00f1os y la conclusi\u00f3n es que, efectivamente, ha removido toda mi vida de una u otra manera. A\u00fan recientemente he sufrido una experiencia muy dolorosa que considero est\u00e1 relacionada directamente con aquel diagn\u00f3stico y el sacrificio que ha exigido a todo mi entorno. <\/p>\n<p>Pero lo m\u00e1s importante de todo es que te levantas cada d\u00eda a poner en marcha tu vida de nuevo con dos ideas fundamentales en la cabeza; llegar al final de la jornada sin dejar a medio ninguna de las cosas importantes para ti y desarrollar las horas que tienes por delante sin olvidar las lecciones que la experiencia te ha ense\u00f1ado. <\/p>\n<p>Esto \u00faltimo es lo m\u00e1s dif\u00edcil, porque lo bueno y lo malo van de la mano y resulta imposible separar. Si vuelves a realizar tu vida tal cual, entonces es como si el sufrimiento no hubiera servido para nada. Pero si tratas de hacer valer las lecciones aprendidas, es como si el c\u00e1ncer fuera una mancha en la cara que no puedes ignorar ni siquiera durante un solo minuto. <\/p>\n<p>En ese punto de inflexi\u00f3n es donde hacemos m\u00fasculo. El necesario para llevar con buen \u00e1nimo ese protagonismo excesivo de la enfermedad y el que te exigen las experiencias para sobrellevar los efectos que a\u00fan sigue teniendo en tu vida. Y no es figurado, es real, he retomado mis carreras y cada vez me siento m\u00e1s ligera, m\u00e1s r\u00e1pida y m\u00e1s fuerte. <\/p>\n<p>Un fuerte abrazo para todas las personas que est\u00e1n realizando ahora esta &#8216;traves\u00eda&#8217; y a sus familiares.<\/p>\n","protected":false},"excerpt":{"rendered":"<p>Nada m\u00e1s lejos de la realidad que pensar que llegar\u00e1 el momento en que uno pueda cerrar la puerta tras el c\u00e1ncer y dejar atr\u00e1s todo lo vivido. Han pasado m\u00e1s de seis a\u00f1os y aqu\u00ed seguimos, dando vueltas a la experiencia, a los tratamientos que parece no acabar\u00e1n nunca y a los efectos que [&hellip;]<\/p>\n","protected":false},"author":16,"featured_media":0,"comment_status":"open","ping_status":"open","sticky":false,"template":"","format":"standard","meta":[],"categories":[3,5],"tags":[],"_links":{"self":[{"href":"https:\/\/blogs.laverdad.es\/yotambientengocancer\/wp-json\/wp\/v2\/posts\/149"}],"collection":[{"href":"https:\/\/blogs.laverdad.es\/yotambientengocancer\/wp-json\/wp\/v2\/posts"}],"about":[{"href":"https:\/\/blogs.laverdad.es\/yotambientengocancer\/wp-json\/wp\/v2\/types\/post"}],"author":[{"embeddable":true,"href":"https:\/\/blogs.laverdad.es\/yotambientengocancer\/wp-json\/wp\/v2\/users\/16"}],"replies":[{"embeddable":true,"href":"https:\/\/blogs.laverdad.es\/yotambientengocancer\/wp-json\/wp\/v2\/comments?post=149"}],"version-history":[{"count":0,"href":"https:\/\/blogs.laverdad.es\/yotambientengocancer\/wp-json\/wp\/v2\/posts\/149\/revisions"}],"wp:attachment":[{"href":"https:\/\/blogs.laverdad.es\/yotambientengocancer\/wp-json\/wp\/v2\/media?parent=149"}],"wp:term":[{"taxonomy":"category","embeddable":true,"href":"https:\/\/blogs.laverdad.es\/yotambientengocancer\/wp-json\/wp\/v2\/categories?post=149"},{"taxonomy":"post_tag","embeddable":true,"href":"https:\/\/blogs.laverdad.es\/yotambientengocancer\/wp-json\/wp\/v2\/tags?post=149"}],"curies":[{"name":"wp","href":"https:\/\/api.w.org\/{rel}","templated":true}]}}