{"id":163,"date":"2015-11-15T23:49:12","date_gmt":"2015-11-15T22:49:12","guid":{"rendered":"http:\/\/blogs.laverdad.es\/yotambientengocancer\/?p=163"},"modified":"2015-11-15T23:49:12","modified_gmt":"2015-11-15T22:49:12","slug":"persona-clave-futuro-cancer-mama","status":"publish","type":"post","link":"https:\/\/blogs.laverdad.es\/yotambientengocancer\/2015\/11\/15\/persona-clave-futuro-cancer-mama\/","title":{"rendered":"Una persona clave para el futuro del c\u00e1ncer de mama"},"content":{"rendered":"<p>Estos d\u00edas he comenzado el proceso de detecci\u00f3n de posibles factores gen\u00e9ticos presentes en el <a href=\"https:\/\/www.aecc.es\/sobreelcancer\/cancerporlocalizacion\/cancermama\/paginas\/cancerdemama.aspx\" target=\"_blank\">c\u00e1ncer de mama<\/a> que yo sufr\u00ed. Hace poco m\u00e1s de un a\u00f1o me env\u00edo mi onc\u00f3loga a la unidad responsable de este trabajo, avis\u00e1ndome de que la lista era larga y la espera deb\u00eda ser paciente. <\/p>\n<p>Finalmente, hace unos d\u00edas estuve frente a la onc\u00f3loga responsable de este proceso, <a href=\"http:\/\/www.pubfacts.com\/author\/Pilar+S%C3%A1nchez%20Henarejos\" target=\"_blank\">Pilar S\u00e1nchez Henarejos<\/a>, que me explic\u00f3 todas las opciones posibles. Decir, ante todo, que solo es necesario someterse a un sencillo cuestionario sobre la familia y una extracci\u00f3n de sangre para que todo se ponga en marcha. <\/p>\n<p>El cuestionario en mi caso fue dif\u00edcil, porque carezco de datos m\u00e9dicos sobre la mitad de mi ascendencia, aunque el trago estuvo compensado por la amabilidad de los profesionales que este servicio y la sencillez de la extracci\u00f3n de sangre. <\/p>\n<p>Lo primero que me explicaron es que el estudio consiste en la investigaci\u00f3n de tres <a href=\"https:\/\/es.wikipedia.org\/wiki\/Gen\" target=\"_blank\">genes<\/a> que aparecen mutados en las pacientes diagnosticadas de c\u00e1ncer de mama. Resulta que son diversas las posibilidades que cabe esperar, y aunque no me acuerdo muy bien de toda la informaci\u00f3n, voy a intentar detallarlas. <\/p>\n<p>La primera de ellas, es que el an\u00e1lisis resulte <strong>positivo<\/strong> en mi caso, lo que activar\u00eda el protocolo en mis parientes directos; hermanos e hija, a los que se realizar\u00eda el mismo an\u00e1lisis de sangre que a mi. Primera sorpresa, los hombres pueden portar el gen, aunque no sufran la enfermedad, y transmitirlo a sus hijos. El estudio continuar\u00eda con los descendientes de aquellos de mis hermanos que dieran positivo. En lo que a m\u00ed se refiere, es aconsejable extirpar los ovarios y realizar un seguimiento del pecho -dentro de la llamada <a href=\"http:\/\/www.elmundo.es\/elmundosalud\/2010\/08\/31\/oncologia\/1283268279.html\" target=\"_blank\">cirug\u00eda profilactica<\/a>-, aunque tambi\u00e9n es posible vaciar las mamas y quedar solo en manos de las revisiones oncol\u00f3gicas peri\u00f3dicas.<\/p>\n<p>Puede que el resultado sea negativo, lo que no significa al 100% que mi c\u00e1ncer no sea gen\u00e9tico, o que mis parientes den negativo tras dar yo positivo, lo que tampoco implica que ellos no vayan a sufrir el mismo c\u00e1ncer. <\/p>\n<p>En fin, es complejo y dif\u00edcil de saber, lo que no ayuda mucho, la verdad. <\/p>\n<p>Mi principal inquietud en todo este proceso son mi hija, mis sobrinas y, por supuesto, mi hermana. No s\u00e9 c\u00f3mo voy a encajar la noticia si doy positivo, que yo sea la \u00fanica portadora del gen y que se lo haya transmitido a mi hija, es una de las combinaciones posibles, y eso es algo que genera inquietud. <\/p>\n<p>Dos son los argumentos a los que aferro mientras espero que pasen los tres meses que faltan para conocer el resultado: mi hija es muy joven y es muy dif\u00edcil que este c\u00e1ncer se desarrolle con menos de 25 a\u00f1os de edad y, precisamente por eso, la investigaci\u00f3n solo puede avanzar para evitar que pase por la experiencia que vivi\u00f3 su madre. <\/p>\n<p>Y as\u00ed sigo, justo cuando me encuentro en las redes sociales con un v\u00eddeo que me recuerda qui\u00e9n es la persona clave para el futuro del c\u00e1ncer de mama y me emociono al compartir con los testimonios que muestra muchas de sus afirmaciones; &#8220;pensar en un mundo sin la amenaza del c\u00e1ncer de mama es la mejor herencia que le podr\u00edamos dejar a nuestras hijas&#8221;, &#8220;ella es mi tesoro y pensar que no va a pasar por esto&#8230;&#8221;<\/p>\n<p>Os dejo con \u00e9l. Espero vuestras impresiones. <\/p>\n<p><a href=\"http:\/\/www.geicam.org\/colabora\/video\/VideoGeneracionCeroGeicam_Fecma.mp4\">Generaci\u00f3n Cero<\/a> (Haz click <a href=\"http:\/\/www.geicam.org\/colabora\/video\/VideoGeneracionCeroGeicam_Fecma.mp4\" target=\"_blank\">aqu\u00ed<\/a>) <\/p>\n","protected":false},"excerpt":{"rendered":"<p>Estos d\u00edas he comenzado el proceso de detecci\u00f3n de posibles factores gen\u00e9ticos presentes en el c\u00e1ncer de mama que yo sufr\u00ed. Hace poco m\u00e1s de un a\u00f1o me env\u00edo mi onc\u00f3loga a la unidad responsable de este trabajo, avis\u00e1ndome de que la lista era larga y la espera deb\u00eda ser paciente. Finalmente, hace unos d\u00edas [&hellip;]<\/p>\n","protected":false},"author":10,"featured_media":0,"comment_status":"open","ping_status":"open","sticky":false,"template":"","format":"standard","meta":[],"categories":[3,4],"tags":[43,98,104,110,120,170],"_links":{"self":[{"href":"https:\/\/blogs.laverdad.es\/yotambientengocancer\/wp-json\/wp\/v2\/posts\/163"}],"collection":[{"href":"https:\/\/blogs.laverdad.es\/yotambientengocancer\/wp-json\/wp\/v2\/posts"}],"about":[{"href":"https:\/\/blogs.laverdad.es\/yotambientengocancer\/wp-json\/wp\/v2\/types\/post"}],"author":[{"embeddable":true,"href":"https:\/\/blogs.laverdad.es\/yotambientengocancer\/wp-json\/wp\/v2\/users\/10"}],"replies":[{"embeddable":true,"href":"https:\/\/blogs.laverdad.es\/yotambientengocancer\/wp-json\/wp\/v2\/comments?post=163"}],"version-history":[{"count":0,"href":"https:\/\/blogs.laverdad.es\/yotambientengocancer\/wp-json\/wp\/v2\/posts\/163\/revisions"}],"wp:attachment":[{"href":"https:\/\/blogs.laverdad.es\/yotambientengocancer\/wp-json\/wp\/v2\/media?parent=163"}],"wp:term":[{"taxonomy":"category","embeddable":true,"href":"https:\/\/blogs.laverdad.es\/yotambientengocancer\/wp-json\/wp\/v2\/categories?post=163"},{"taxonomy":"post_tag","embeddable":true,"href":"https:\/\/blogs.laverdad.es\/yotambientengocancer\/wp-json\/wp\/v2\/tags?post=163"}],"curies":[{"name":"wp","href":"https:\/\/api.w.org\/{rel}","templated":true}]}}