{"id":597,"date":"2006-05-11T19:46:22","date_gmt":"2006-05-11T17:46:22","guid":{"rendered":"http:\/\/blogs.laverdad.es\/zarabandas\/?p=597"},"modified":"2006-05-11T19:46:22","modified_gmt":"2006-05-11T17:46:22","slug":"el-regreso-del-pequeno-luchador","status":"publish","type":"post","link":"https:\/\/blogs.laverdad.es\/zarabandas\/2006\/05\/11\/el-regreso-del-pequeno-luchador\/","title":{"rendered":"El regreso del Peque\u00f1o Luchador"},"content":{"rendered":"<p><strong>Garc\u00eda Mart\u00ednez &#8211; 11 mayo 2006<\/strong><\/p>\n<p>Me entero de que Valc\u00e1rcel ha recuperado a G\u00f3mez Fayr\u00e9n para la pol\u00edtica murciana. Lo veo bien. Y aprovecho para lamentar que se haya perdido un tiempo precioso, como es el que va desde la dimisi\u00f3n a la recuperaci\u00f3n. Aunque, como dice el dicho: \u00abBien est\u00e1 lo que bien acaba\u00bb.<br \/>\n-O \u00abNunca es tarde, si la dicha es buena\u00bb o \u00abA caballo regalado&#8230;\u00bb<br \/>\n\u00bfVale, vale! Con uno bastaba. El lector, cuando se encana, es tremendo.<\/p>\n<p>Una vez lamentado que Fayr\u00e9n se retirase a sus cosas, paso a decir, como justificaci\u00f3n del lamento, que no estamos tan sobrados en Murcia de gente \u00fatil como para permitirnos ciertas ausencias.<br \/>\n-\u00bfQu\u00e9 pasa con usted? Que es su amigo, \u00bfno?<br \/>\nPor tal me tengo, \u00bfqu\u00e9 quiere usted que le diga? Pero, aparte de eso, es que no se puede negar -pues que es algo objetivo- que G\u00f3mez Fayr\u00e9n se manifiesta eficaz en pol\u00edtica y el pueblo en general lo quiere. Me supongo que el m\u00e9rito del regreso corresponde a Valc\u00e1rcel, que a fin de cuentas es quien manda. Lo mismo que dije entonces que me parec\u00eda mal que lo dejase escapar, ahora le hago saber que somos muchos los que aplaudimos la vuelta del Peque\u00f1o Luchador. (\u00bfNo se acord\u00e1is de los tebeos?).<\/p>\n<p>Ha sido Fayr\u00e9n uno de los escasos personajes p\u00fablicos a\u00f1orados por la gente de Murcia. Esto, en el negocio pol\u00edtico, es poner una pica en Flandes. Constituye, por lo tanto, un activo -as\u00ed lo llaman- con el que hay que contar como sea. Aparte de sus cualidades para gestionar, hay dos en concreto que le otorgan peculiaridad: una, su murcian\u00eda, en parte mamada, en parte adquirida. Otra, el sentido del humor, que lo tiene entreverado de genuina co\u00f1a murciana.<br \/>\nEstos dos atributos lo convierten en un tipo familiar, asequible, uno m\u00e1s entre nosotros los pobres.<br \/>\n-\u00bfY no es bajito de m\u00e1s?<br \/>\n\u00bfJoder con el lector! Tampoco es cuesti\u00f3n de pedir la Luna. Es bajito, pero se crece cuando es menester, el jod\u00edo de \u00e9l. Si tiene buena la cabeza y buenos tambi\u00e9n el verbo y la capacidad de trabajo, am\u00e9n de caerle bien al personal&#8230;<\/p>\n<p>Quiero decir que si reluce sobrada la estatura moral, \u00bfqu\u00e9 m\u00e1s dar\u00e1 que no toque suelo cuando se siente de nuevo en la poltrona?<\/p>\n<p>-Parece un buen zagal, dende luego.<\/p>\n","protected":false},"excerpt":{"rendered":"<p>Garc\u00eda Mart\u00ednez &#8211; 11 mayo 2006 Me entero de que Valc\u00e1rcel ha recuperado a G\u00f3mez Fayr\u00e9n para la pol\u00edtica murciana. Lo veo bien. Y aprovecho para lamentar que se haya perdido un tiempo precioso, como es el que va desde la dimisi\u00f3n a la recuperaci\u00f3n. Aunque, como dice el dicho: \u00abBien est\u00e1 lo que bien [&hellip;]<\/p>\n","protected":false},"author":38,"featured_media":0,"comment_status":"open","ping_status":"closed","sticky":false,"template":"","format":"standard","meta":[],"categories":[2],"tags":[],"_links":{"self":[{"href":"https:\/\/blogs.laverdad.es\/zarabandas\/wp-json\/wp\/v2\/posts\/597"}],"collection":[{"href":"https:\/\/blogs.laverdad.es\/zarabandas\/wp-json\/wp\/v2\/posts"}],"about":[{"href":"https:\/\/blogs.laverdad.es\/zarabandas\/wp-json\/wp\/v2\/types\/post"}],"author":[{"embeddable":true,"href":"https:\/\/blogs.laverdad.es\/zarabandas\/wp-json\/wp\/v2\/users\/38"}],"replies":[{"embeddable":true,"href":"https:\/\/blogs.laverdad.es\/zarabandas\/wp-json\/wp\/v2\/comments?post=597"}],"version-history":[{"count":0,"href":"https:\/\/blogs.laverdad.es\/zarabandas\/wp-json\/wp\/v2\/posts\/597\/revisions"}],"wp:attachment":[{"href":"https:\/\/blogs.laverdad.es\/zarabandas\/wp-json\/wp\/v2\/media?parent=597"}],"wp:term":[{"taxonomy":"category","embeddable":true,"href":"https:\/\/blogs.laverdad.es\/zarabandas\/wp-json\/wp\/v2\/categories?post=597"},{"taxonomy":"post_tag","embeddable":true,"href":"https:\/\/blogs.laverdad.es\/zarabandas\/wp-json\/wp\/v2\/tags?post=597"}],"curies":[{"name":"wp","href":"https:\/\/api.w.org\/{rel}","templated":true}]}}