{"id":1721,"date":"2024-01-10T18:41:22","date_gmt":"2024-01-10T17:41:22","guid":{"rendered":"https:\/\/blogs.laverdad.es\/zonadeembarque\/?p=1721"},"modified":"2024-01-17T13:39:58","modified_gmt":"2024-01-17T12:39:58","slug":"no-solo-el-guadiana","status":"publish","type":"post","link":"https:\/\/blogs.laverdad.es\/zonadeembarque\/2024\/01\/10\/no-solo-el-guadiana\/","title":{"rendered":"No s\u00f3lo el Guadiana"},"content":{"rendered":"<p>&nbsp;<\/p>\n<p>Tal vez tambi\u00e9n les pasaba a Vds. en su \u00e9poca de estudiantes de primaria cuando en clase de geograf\u00eda tocaba estudiar los r\u00edos. El Guadiana era uno de mis favoritos, por aquello de que, de repente, desaparec\u00eda y, volv\u00eda a aparecer a muchos kil\u00f3metros de distancia; Generaba tal misterio que era de los que, en un examen, todos aprobar\u00edamos seguro. Y, con nota adem\u00e1s.<\/p>\n<p>Desde entonces, esos r\u00edos \u201ct\u00edmidos\u201d, que se esconden bajo tierra, me interesan much\u00edsimo. \u00bfSe apuntan a una ruta con ellos? Cojan aire que nos sumergimos en dos de ellos.<\/p>\n<p><strong>Por el interior de una cueva<\/strong><\/p>\n<p>El primero es navegable en una barquita acondicionada para unas diez personas m\u00e1ximo. Eso s\u00ed, las maniobras de entrada y salida requieren algunas dosis de equilibrio para no volcar.<\/p>\n<p>Son las Cuevas de San Jos\u00e9 en la localidad de Vall d\u2019Uix\u00f3 (Castell\u00f3n). Se recorren a pie y en la barca. El interior de estas cavidades en ocasiones es tan peque\u00f1o que es necesario agacharse mucho para poder entrar por peque\u00f1\u00edsimos recovecos.\u00a0<a href=\"https:\/\/static-blogs.laverdad.es\/wp-content\/uploads\/sites\/28\/2024\/01\/CUEVASred.jpg\"><img loading=\"lazy\" class=\"size-medium wp-image-1722 alignright\" src=\"https:\/\/static-blogs.laverdad.es\/wp-content\/uploads\/sites\/28\/2024\/01\/CUEVASred-225x300.jpg\" alt=\"\" width=\"225\" height=\"300\" srcset=\"https:\/\/static-blogs.laverdad.es\/wp-content\/uploads\/sites\/28\/2024\/01\/CUEVASred-225x300.jpg 225w, https:\/\/static-blogs.laverdad.es\/wp-content\/uploads\/sites\/28\/2024\/01\/CUEVASred.jpg 480w\" sizes=\"(max-width: 225px) 100vw, 225px\" \/><\/a><\/p>\n<p>El juego de la iluminaci\u00f3n, muy escondida, (aunque a m\u00ed me toc\u00f3 en la barca con el operario de electricidad y me mostraba algunos rincones donde hab\u00eda sido imposible esconder el cableado) provoca cambios en el color del agua: desde el azul, violeta, verde hasta casi transparente total que permite ver el subsuelo con mucha nitidez.<\/p>\n<p>La sonoridad es espectacular. Pese a ello, los momentos de silencio absoluto son los que m\u00e1s me gustaron.<\/p>\n<p>Si pueden, vayan con toda la familia. Es de esas actividades que gustan a todos sin importar la edad. Esta visita, como eslogan tur\u00edstico, se publicita como \u201cel r\u00edo subterr\u00e1neo navegable m\u00e1s grande de Europa\u201d.<\/p>\n<p><strong>Una sima en la cima<\/strong><\/p>\n<p>Seguimos nuestra ruta con estos r\u00edos que desaparecen y ponemos rumbo un poco m\u00e1s al norte; Subimos hasta los Pirineos, muy cerca de la frontera con Francia. <strong>De las cavernas, a lo alto de las monta\u00f1as, ah\u00ed es nada.<\/strong><\/p>\n<p>Nos situamos en el valle de Benasque (Huesca) y desde aqu\u00ed podemos hacer una caminata preciosa, rodeados por todos los puntos cardinales de los picos de las monta\u00f1as, con suerte, nevados. Si se animan un poco m\u00e1s, esta ruta tambi\u00e9n se puede realizar con raquetas de monta\u00f1a.<\/p>\n<p>Ver\u00e1n qu\u00e9 sorpresa (y misterios de la naturaleza) cuando en un determinado punto de la ruta \u00a1\u00a1millones de litros de agua del deshielo desaparecen bajo sus pies!! Este rinc\u00f3n es conocido como Forau d\u2019Aigualluts (tambi\u00e9n como el Sumidero de Aigualluts).<\/p>\n<p>Y, aproximadamente unos tres kil\u00f3metros despu\u00e9s, aparece de nuevo. Y en forma de cascada. \u00bfQui\u00e9n piensa a\u00fan que la naturaleza no es pura magia?<\/p>\n<p>Un espele\u00f3logo dedic\u00f3 casi toda su vida a investigar este \u201cenigma\u201d. Al final, pudo descifrarlo vertiendo unos colorantes que le permitan saber qu\u00e9 curso segu\u00eda el agua.<\/p>\n<p><strong>Otros r\u00edos<\/strong><\/p>\n<p>Bueno, junto a estos, est\u00e1n aquellos otros (muy interesantes tambi\u00e9n y f\u00e1ciles de aprobar en los ex\u00e1menes) que se hacen un l\u00edo en su curso bajo y forman un gran delta; Como si tuvieran miedo (como dice el bell\u00edsimo poema) cuando se encuentran ante un infinito mar.<\/p>\n<p>Pero, como estrenamos a\u00f1o, nada mejor que, con el ejemplo de estos r\u00edos que tienen la fuerza de reaparecer, podamos nosotros tambi\u00e9n coger buen \u201ccurso\u201d, aunque ya no tengamos que examinarnos. Y ya, toca salir a la superficie de nuevo.<\/p>\n<p>\u00a1Feliz a\u00f1o nuevo tengan!<\/p>\n<p>&nbsp;<\/p>\n","protected":false},"excerpt":{"rendered":"<p>&nbsp; Tal vez tambi\u00e9n les pasaba a Vds. en su \u00e9poca de estudiantes de primaria cuando en clase de geograf\u00eda tocaba estudiar los r\u00edos. El Guadiana era uno de mis favoritos, por aquello de que, de repente, desaparec\u00eda y, volv\u00eda a aparecer a muchos kil\u00f3metros de distancia; Generaba tal misterio que era de los que, [&hellip;]<\/p>\n","protected":false},"author":29,"featured_media":0,"comment_status":"open","ping_status":"closed","sticky":false,"template":"","format":"standard","meta":[],"categories":[41,68],"tags":[],"_links":{"self":[{"href":"https:\/\/blogs.laverdad.es\/zonadeembarque\/wp-json\/wp\/v2\/posts\/1721"}],"collection":[{"href":"https:\/\/blogs.laverdad.es\/zonadeembarque\/wp-json\/wp\/v2\/posts"}],"about":[{"href":"https:\/\/blogs.laverdad.es\/zonadeembarque\/wp-json\/wp\/v2\/types\/post"}],"author":[{"embeddable":true,"href":"https:\/\/blogs.laverdad.es\/zonadeembarque\/wp-json\/wp\/v2\/users\/29"}],"replies":[{"embeddable":true,"href":"https:\/\/blogs.laverdad.es\/zonadeembarque\/wp-json\/wp\/v2\/comments?post=1721"}],"version-history":[{"count":3,"href":"https:\/\/blogs.laverdad.es\/zonadeembarque\/wp-json\/wp\/v2\/posts\/1721\/revisions"}],"predecessor-version":[{"id":1725,"href":"https:\/\/blogs.laverdad.es\/zonadeembarque\/wp-json\/wp\/v2\/posts\/1721\/revisions\/1725"}],"wp:attachment":[{"href":"https:\/\/blogs.laverdad.es\/zonadeembarque\/wp-json\/wp\/v2\/media?parent=1721"}],"wp:term":[{"taxonomy":"category","embeddable":true,"href":"https:\/\/blogs.laverdad.es\/zonadeembarque\/wp-json\/wp\/v2\/categories?post=1721"},{"taxonomy":"post_tag","embeddable":true,"href":"https:\/\/blogs.laverdad.es\/zonadeembarque\/wp-json\/wp\/v2\/tags?post=1721"}],"curies":[{"name":"wp","href":"https:\/\/api.w.org\/{rel}","templated":true}]}}