{"id":1738,"date":"2024-04-01T12:57:28","date_gmt":"2024-04-01T10:57:28","guid":{"rendered":"https:\/\/blogs.laverdad.es\/zonadeembarque\/?p=1738"},"modified":"2024-04-01T12:57:28","modified_gmt":"2024-04-01T10:57:28","slug":"el-moma-espanol","status":"publish","type":"post","link":"https:\/\/blogs.laverdad.es\/zonadeembarque\/2024\/04\/01\/el-moma-espanol\/","title":{"rendered":"&#8220;El MoMA espa\u00f1ol&#8221;"},"content":{"rendered":"<p>&nbsp;<\/p>\n<p>Entran a un museo y pueden atravesarlo como si estuvieran paseando por una calle m\u00e1s. El edificio ha logrado unir varias calles de tal forma que los ciudadanos pueden transitar por \u00e9l cuando van, por ejemplo, a comprar el pan. O, seg\u00fan explicaba el proyecto: \u201cconsolidar la permeabilidad interior de la manzana\u201d. Uno de los much\u00edsimos premios que ha recibido el inmueble es el \u201cmejor catalizador urbano\u201d.<\/p>\n<p>Una vez dentro, el \u00e1ngulo recto desparece: si usan el ascensor, no esperen el t\u00edpico cub\u00edculo rectangular. Son dos de los much\u00edsimos datos asombrosos del Museo de Arte Contempor\u00e1neo de la Fundaci\u00f3n Helga de Alvear en C\u00e1ceres.<\/p>\n<p><strong>O\u00eddo cocina<\/strong><\/p>\n<p>La idea surgi\u00f3 entre ollas, sartenes y manteles. Desde las cocinas de un restaurante muy conocido cacere\u00f1o, la amistad de su due\u00f1o con el arquitecto fue perfilando todos los planos, salas y estructura del inmueble. Despu\u00e9s de disfrutar de los manjares, ya ten\u00edan seleccionada la ubicaci\u00f3n (C\/ Pizarro).<\/p>\n<p>El contenido que les faltaba lo lograron al convencer a la galerista Helga -reticente en un principio- del buen lugar que ser\u00eda esta ciudad extreme\u00f1a para su colecci\u00f3n. Ya s\u00f3lo quedaba la tarea de ajustar los presupuestos. Y entre amigos, este cierre contable siempre resulta m\u00e1s sencillo. La base de la confianza ya est\u00e1 anotada en el balance. Lo dem\u00e1s, es cuadrar n\u00fameros. Y en este caso, no era necesario convencer al banco.<\/p>\n<p>Lo lograron f\u00e1cilmente. De aquel \u201co\u00eddo cocina\u201d inicial, se hizo la magia. Muchos visitantes que suelen acudir a cacer\u00edas de la zona, ya tienen una visita obligada en la ciudad: buena comida asegurada (Torta del Casar y un buen plato de jam\u00f3n nunca falta); alojamiento en alguno de los muchos palacios restaurados y el museo con las puertas abiertas de par en par. \u00bfPuede un museo lograr que un turismo de elevado poder adquisitivo visite una ciudad? De momento, las cifras desde la fecha de apertura dan una respuesta positiva.\u00a0<a href=\"https:\/\/static-blogs.laverdad.es\/wp-content\/uploads\/sites\/28\/2024\/04\/MUSEOCACERESred.jpg\"><img loading=\"lazy\" class=\"size-medium wp-image-1740 alignright\" src=\"https:\/\/static-blogs.laverdad.es\/wp-content\/uploads\/sites\/28\/2024\/04\/MUSEOCACERESred-225x300.jpg\" alt=\"\" width=\"225\" height=\"300\" srcset=\"https:\/\/static-blogs.laverdad.es\/wp-content\/uploads\/sites\/28\/2024\/04\/MUSEOCACERESred-225x300.jpg 225w, https:\/\/static-blogs.laverdad.es\/wp-content\/uploads\/sites\/28\/2024\/04\/MUSEOCACERESred.jpg 480w\" sizes=\"(max-width: 225px) 100vw, 225px\" \/><\/a><\/p>\n<p>Entramos en las salas de este museo que podr\u00eda ser conocido como \u201cel MoMa espa\u00f1ol\u201d. Muchas de sus obras han estado en las salas de los museos de todo el mundo. Con todo, por aquello de mantener el misterio y la sorpresa tan s\u00f3lo les contar\u00e9 tres de sus piezas.<\/p>\n<p><strong>Las p\u00e1ginas amarillas est\u00e1n en C\u00e1ceres.<\/strong><\/p>\n<p>\u00bfQu\u00e9 fue de ellas? Esta pregunta que todos alguna vez nos hemos hecho. Aquel primer buscador, de gran \u00e9xito en la d\u00e9cada de los setenta, con tal profusi\u00f3n de nombres, apellidos, direcciones, profesiones\u2026 Todo aquello que era posible antes de la legislaci\u00f3n de protecci\u00f3n de datos, hoy ha recobrado una nueva vida; Se ha transformado en un bosque de altos troncos, formados por las huellas que recorren un sendero. Entran ganas de perderse en \u00e9l.<\/p>\n<p><strong>Met\u00e1fora visual<\/strong><\/p>\n<p>La pieza de m\u00e1s \u00e9xito est\u00e1 nada m\u00e1s cruzar el umbral. La que m\u00e1s atractivo tiene en las redes sociales. Es una l\u00e1mpara gigantesca roja, simulando las t\u00edpicas chinas que cuelgan desde lo alto. Pero \u00e9sta tiene una peculiaridad -y he aqu\u00ed la idea reflexiva de su autor-: la posici\u00f3n de ca\u00edda alude al sistema pol\u00edtico; Esta met\u00e1fora cr\u00edtica ha obligado a su autor a no desvelar cu\u00e1l es su domicilio actual.<\/p>\n<p>No se pierdan el barco Azor (unido a la historia de Espa\u00f1a) que est\u00e1 \u201cencallado\u201d en uno de sus muros exteriores. Tiene una nueva \u201ctraves\u00eda\u201d (ahora ya en tierra firme) al convertirse en una pieza de arte.<\/p>\n<p><strong>Otro gran secreto<\/strong><\/p>\n<p>Seguimos nuestra ruta de museos y escondido en el s\u00f3tano del Museo de C\u00e1ceres encontramos un aljibe gigantesco formado por naves abovedadas de m\u00e1s de seis metros de altura que recuerda las cisternas construidas bajo la ciudad de Estambul.<\/p>\n<p>Es uno de los dep\u00f3sitos m\u00e1s grandes del mundo. Y estuvo en funcionamiento hasta el siglo XIX. Est\u00e1 justo debajo del claustro del patio del Palacio de los Veletas, ideado para recoger el agua de la lluvia y, con ella, asegurar el abastecimiento de la ciudad. \u00a1Cu\u00e1nta inteligencia!\u00a0<a href=\"https:\/\/static-blogs.laverdad.es\/wp-content\/uploads\/sites\/28\/2024\/04\/museocaceres2red.jpg\"><img loading=\"lazy\" class=\"size-medium wp-image-1739 alignright\" src=\"https:\/\/static-blogs.laverdad.es\/wp-content\/uploads\/sites\/28\/2024\/04\/museocaceres2red-225x300.jpg\" alt=\"\" width=\"225\" height=\"300\" srcset=\"https:\/\/static-blogs.laverdad.es\/wp-content\/uploads\/sites\/28\/2024\/04\/museocaceres2red-225x300.jpg 225w, https:\/\/static-blogs.laverdad.es\/wp-content\/uploads\/sites\/28\/2024\/04\/museocaceres2red.jpg 480w\" sizes=\"(max-width: 225px) 100vw, 225px\" \/><\/a><\/p>\n<p><strong>De puertas hacia fuera<\/strong><\/p>\n<p>Es curioso c\u00f3mo tanta sabidur\u00eda de aprovechamiento de los recursos se quede dentro de los museos y no la apliquemos a diario, \u00bfverdad? Y m\u00e1s ahora en tiempos de sequ\u00eda.<\/p>\n<p><strong>El \u201ciceberg del conocimiento\u201d<\/strong><\/p>\n<p>Quiz\u00e1s podemos copiar un poco la idea de Helga. Para ella el arte contempor\u00e1neo \u201cnos ayuda a entender un poco m\u00e1s el mundo en el que vivimos, del que a veces s\u00f3lo lo rozamos en su superficie\u201d.<\/p>\n<p>Nosotros hemos descendido hasta los s\u00f3tanos, no nos hemos quedado en la superficie, a ver si as\u00ed\u2026<\/p>\n","protected":false},"excerpt":{"rendered":"<p>&nbsp; Entran a un museo y pueden atravesarlo como si estuvieran paseando por una calle m\u00e1s. El edificio ha logrado unir varias calles de tal forma que los ciudadanos pueden transitar por \u00e9l cuando van, por ejemplo, a comprar el pan. O, seg\u00fan explicaba el proyecto: \u201cconsolidar la permeabilidad interior de la manzana\u201d. Uno de [&hellip;]<\/p>\n","protected":false},"author":29,"featured_media":0,"comment_status":"open","ping_status":"closed","sticky":false,"template":"","format":"standard","meta":[],"categories":[6,18,25,40],"tags":[],"_links":{"self":[{"href":"https:\/\/blogs.laverdad.es\/zonadeembarque\/wp-json\/wp\/v2\/posts\/1738"}],"collection":[{"href":"https:\/\/blogs.laverdad.es\/zonadeembarque\/wp-json\/wp\/v2\/posts"}],"about":[{"href":"https:\/\/blogs.laverdad.es\/zonadeembarque\/wp-json\/wp\/v2\/types\/post"}],"author":[{"embeddable":true,"href":"https:\/\/blogs.laverdad.es\/zonadeembarque\/wp-json\/wp\/v2\/users\/29"}],"replies":[{"embeddable":true,"href":"https:\/\/blogs.laverdad.es\/zonadeembarque\/wp-json\/wp\/v2\/comments?post=1738"}],"version-history":[{"count":1,"href":"https:\/\/blogs.laverdad.es\/zonadeembarque\/wp-json\/wp\/v2\/posts\/1738\/revisions"}],"predecessor-version":[{"id":1741,"href":"https:\/\/blogs.laverdad.es\/zonadeembarque\/wp-json\/wp\/v2\/posts\/1738\/revisions\/1741"}],"wp:attachment":[{"href":"https:\/\/blogs.laverdad.es\/zonadeembarque\/wp-json\/wp\/v2\/media?parent=1738"}],"wp:term":[{"taxonomy":"category","embeddable":true,"href":"https:\/\/blogs.laverdad.es\/zonadeembarque\/wp-json\/wp\/v2\/categories?post=1738"},{"taxonomy":"post_tag","embeddable":true,"href":"https:\/\/blogs.laverdad.es\/zonadeembarque\/wp-json\/wp\/v2\/tags?post=1738"}],"curies":[{"name":"wp","href":"https:\/\/api.w.org\/{rel}","templated":true}]}}