{"id":1753,"date":"2024-07-12T12:40:10","date_gmt":"2024-07-12T10:40:10","guid":{"rendered":"https:\/\/blogs.laverdad.es\/zonadeembarque\/?p=1753"},"modified":"2024-07-15T09:59:38","modified_gmt":"2024-07-15T07:59:38","slug":"se-todo-lo-que-hicisteis-el-ultimo-verano","status":"publish","type":"post","link":"https:\/\/blogs.laverdad.es\/zonadeembarque\/2024\/07\/12\/se-todo-lo-que-hicisteis-el-ultimo-verano\/","title":{"rendered":"S\u00e9 (todo) lo que hicisteis el \u00faltimo verano"},"content":{"rendered":"<p>&nbsp;<\/p>\n<p>Ya han comenzado los interrogatorios. No s\u00e9 Vds. pero yo, a estas alturas de julio, he sufrido ya unos cuantos. \u00bfPlaya o piscina? \u00bfMar o monta\u00f1a? \u00bfDestino nacional o extranjero? El mundo de las decisiones del verano, de repente, s\u00f3lo tiene dos alternativas. No hay cabida posible para las escalas de color. Y yo que a veces veo el mar azul, otras verde, en ocasiones lila claro\u2026 pues me cuesta aquello de ver la vida en modo \u201cblanco o negro\u201d (salvo que sea un helado, claro).<\/p>\n<p><strong>Residentes <em>versus<\/em> turistas<\/strong><\/p>\n<p>Pero quer\u00eda contarles que hay mucho inter\u00e9s en saber qu\u00e9 decisiones tomamos cuando viajamos; cuando \u201cnos transformamos\u201d (los hay que cambian hasta de estilo de vestir de forma radical) y dejamos de ser residentes, para convertirnos en turistas. Imaginen un viajero que llega al aeropuerto, coge un taxi (o alquila un coche), llega al hotel (o al apartamento reservado), va a comer a un restaurante, se compra unas chanclas\u2026 Todo est\u00e1 ya registrado, medido y controlado.<\/p>\n<p><strong>INE <em>versus<\/em> TPV, \u00bfd\u00f3nde est\u00e1 la verdad?<\/strong><\/p>\n<p>Les desvelar\u00e9 algunas pistas de este \u201cmundo detectivesco\u201d. Nuestros datos se obtienen a trav\u00e9s de las encuestas del Instituto Nacional de Estad\u00edstica (\u00bfdecimos la verdad en ellas?) y, tambi\u00e9n, (aqu\u00ed ya es m\u00e1s complicado mentir) de las Terminales de Puntos de Venta bancarias f\u00edsicas (las conocidas TPV).<\/p>\n<p>INE <em>versus<\/em> TPV, ah\u00ed est\u00e1 la cuesti\u00f3n. O, en t\u00e9rminos financieros, lo que ya identifican como: \u201cla gran penetraci\u00f3n de los dat\u00e1fonos\u201d. Yo ya los veo hasta en los mercadillos callejeros. Les reconocer\u00e9 que desde que, m\u00e1s que como medios de pago, s\u00e9 acerca de su funci\u00f3n cual teniente Colombo, voy al acecho viendo su presencia por todos lados.<\/p>\n<p>El paso siguiente es calcular cu\u00e1l es el gasto de un turista.\u00a0<a href=\"https:\/\/static-blogs.laverdad.es\/wp-content\/uploads\/sites\/28\/2024\/07\/cafered.jpg\"><img loading=\"lazy\" class=\"size-medium wp-image-1754 alignright\" src=\"https:\/\/static-blogs.laverdad.es\/wp-content\/uploads\/sites\/28\/2024\/07\/cafered-300x208.jpg\" alt=\"\" width=\"300\" height=\"208\" srcset=\"https:\/\/static-blogs.laverdad.es\/wp-content\/uploads\/sites\/28\/2024\/07\/cafered-300x208.jpg 300w, https:\/\/static-blogs.laverdad.es\/wp-content\/uploads\/sites\/28\/2024\/07\/cafered.jpg 601w\" sizes=\"(max-width: 300px) 100vw, 300px\" \/><\/a><\/p>\n<p>Lo que se logra a trav\u00e9s de las TPV. Con ellas ya nos pueden \u201cgeolocalizar\u201d. De nuevo en dos alternativas posibles: como dom\u00e9stico o internacional. Y, adem\u00e1s, identifican nuestros gastos por nueve ramas sectoriales, para saber d\u00f3nde nos gastamos el dinero (restauraci\u00f3n; alojamiento, prendas de vestir, etc.). Entonces, \u00bfel INE pasar\u00e1 a la historia?<\/p>\n<p>S\u00ed, a\u00fan sigue en vigor aquello de preguntar el c\u00f3digo postal de procedencia en las Oficinas de Turismo. Pero, de nuevo, hay un gran margen de error. Les cuento mi caso de hace unos a\u00f1os. Yo acud\u00eda con frecuencia a la Oficina a preguntar direcciones, excursiones, etc. Y claro, cuando me solicitaban mi c\u00f3digo postal, no siempre dec\u00eda la verdad, porque no quer\u00eda parecer la tontica que no para de preguntar. Fue hace a\u00f1os, lo digo por la prescripci\u00f3n de una posible infracci\u00f3n administrativa.<\/p>\n<p><strong>\u201cEl Gran Hermano\u201d del turismo<\/strong><\/p>\n<p>Estas terminales financieras de pago (que tanto facilitan nuestras vidas) se han convertido en todo un \u201cGran Hermano\u201d que nos controla, conoce, mide, cuantifica todos nuestros gustos. Entonces, aquello de la libertad del viajero\u2026 \u00bftambi\u00e9n pasar\u00e1 a la historia?<\/p>\n<p><strong>Hoteles <em>versus<\/em> vuelos<\/strong><\/p>\n<p>Las islas tambi\u00e9n sufren sus dilemas. En estas id\u00edlicas ubicaciones, son muchos los hoteles que deciden abrir s\u00f3lo por temporadas porque las compa\u00f1\u00edas a\u00e9reas no fletan aviones y, sin vuelos, no se aseguran las habitaciones llenas; En su descargo, las compa\u00f1\u00edas responden que no ponen aviones porque los hoteles est\u00e1n cerrados. Y si no tienen reservas en destino, los pasajeros no vuelan. Nueva tesitura: \u00bfQu\u00e9 son antes: las reservas de hoteles o de vuelos? Recuerda al dilema irresoluble de la gallina y el huevo.<\/p>\n<p>Ay, la vida del turista, cu\u00e1nta disyuntiva.<\/p>\n<p>&nbsp;<\/p>\n","protected":false},"excerpt":{"rendered":"<p>&nbsp; Ya han comenzado los interrogatorios. No s\u00e9 Vds. pero yo, a estas alturas de julio, he sufrido ya unos cuantos. \u00bfPlaya o piscina? \u00bfMar o monta\u00f1a? \u00bfDestino nacional o extranjero? El mundo de las decisiones del verano, de repente, s\u00f3lo tiene dos alternativas. No hay cabida posible para las escalas de color. Y yo [&hellip;]<\/p>\n","protected":false},"author":29,"featured_media":0,"comment_status":"open","ping_status":"closed","sticky":false,"template":"","format":"standard","meta":[],"categories":[2,4,15,17,25,29,60,65,66,67],"tags":[],"_links":{"self":[{"href":"https:\/\/blogs.laverdad.es\/zonadeembarque\/wp-json\/wp\/v2\/posts\/1753"}],"collection":[{"href":"https:\/\/blogs.laverdad.es\/zonadeembarque\/wp-json\/wp\/v2\/posts"}],"about":[{"href":"https:\/\/blogs.laverdad.es\/zonadeembarque\/wp-json\/wp\/v2\/types\/post"}],"author":[{"embeddable":true,"href":"https:\/\/blogs.laverdad.es\/zonadeembarque\/wp-json\/wp\/v2\/users\/29"}],"replies":[{"embeddable":true,"href":"https:\/\/blogs.laverdad.es\/zonadeembarque\/wp-json\/wp\/v2\/comments?post=1753"}],"version-history":[{"count":3,"href":"https:\/\/blogs.laverdad.es\/zonadeembarque\/wp-json\/wp\/v2\/posts\/1753\/revisions"}],"predecessor-version":[{"id":1757,"href":"https:\/\/blogs.laverdad.es\/zonadeembarque\/wp-json\/wp\/v2\/posts\/1753\/revisions\/1757"}],"wp:attachment":[{"href":"https:\/\/blogs.laverdad.es\/zonadeembarque\/wp-json\/wp\/v2\/media?parent=1753"}],"wp:term":[{"taxonomy":"category","embeddable":true,"href":"https:\/\/blogs.laverdad.es\/zonadeembarque\/wp-json\/wp\/v2\/categories?post=1753"},{"taxonomy":"post_tag","embeddable":true,"href":"https:\/\/blogs.laverdad.es\/zonadeembarque\/wp-json\/wp\/v2\/tags?post=1753"}],"curies":[{"name":"wp","href":"https:\/\/api.w.org\/{rel}","templated":true}]}}