{"id":1758,"date":"2024-08-12T13:19:18","date_gmt":"2024-08-12T11:19:18","guid":{"rendered":"https:\/\/blogs.laverdad.es\/zonadeembarque\/?p=1758"},"modified":"2024-08-13T13:03:00","modified_gmt":"2024-08-13T11:03:00","slug":"una-onu-del-espanol","status":"publish","type":"post","link":"https:\/\/blogs.laverdad.es\/zonadeembarque\/2024\/08\/12\/una-onu-del-espanol\/","title":{"rendered":"Una ONU del espa\u00f1ol"},"content":{"rendered":"<p>&nbsp;<\/p>\n<p>Llegados desde los dos extremos m\u00e1s remotos: Desde Corea del Sur hasta California, profesores y profesionales vinculados con la ense\u00f1anza del espa\u00f1ol en el mundo nos hemos reunido durante casi una semana en Valencia. Un programa complet\u00edsimo, un no parar de: conferencias, talleres, mesas redondas, actividades culturales, gastron\u00f3micas (s\u00ed, tomamos paella, \u00a1para cenar!) en esta suerte de \u201c<em>reuni\u00f3n ONU<\/em> con \u00f1\u201d, en la que, por supuesto, hubo tambi\u00e9n clases de flamenco.<\/p>\n<p>Todo surgi\u00f3 hace ya varios a\u00f1os de una forma bien bonita: Como acto de generosidad. Un jovenc\u00edsimo profesor de espa\u00f1ol decidi\u00f3 compartir en internet con otros profesores sus materiales para las clases. Los manuales editados entonces no resultaban eficaces. No recog\u00edan el verdadero palpitar de un idioma; Porque, por ejemplo, \u00bfc\u00f3mo se le explica a un alumno la expresi\u00f3n: \u201cVamos a ver, \u201calma de c\u00e1ntaro\u201d?<\/p>\n<p>De aquella \u201cetapa semilla\u201d, de aquellos primeros ejercicios did\u00e1cticos hoy, la recopilaci\u00f3n es extraordinaria, digna de una enciclopedia casi. El promotor, Daniel (de ProfedeELE) -una persona cercana, siempre con una sonrisa y muy abierta a nuevas iniciativas- ha asumido las riendas de este Congreso (junto con un equipo estupendo) donde no hab\u00eda un minuto para el aburrimiento. Y d\u00f3nde cada actividad llevaba un plus de cari\u00f1o puesto en ella; Porque \u201cen cada contenido que se crea, siempre hay un poco del profesor que est\u00e1 detr\u00e1s ense\u00f1ando\u201d.<\/p>\n<p><strong>Gran meeting de embajadores<\/strong><\/p>\n<p>Todos los asistentes (doscientos en total), vinculados con el idioma espa\u00f1ol, somos embajadores de un patrimonio: la lengua. Si a un matem\u00e1tico le pregunt\u00e1ramos: \u00bfCu\u00e1l es la ecuaci\u00f3n para determinar cu\u00e1nto vale un idioma? Cu\u00e1n complejo ser\u00eda descifrar esta inc\u00f3gnita: el valor de un idioma.<\/p>\n<p>Es tanta la riqueza que aporta: abre la mente; amplia el conocimiento, crea v\u00ednculos\u2026 Y m\u00e1s a\u00fan cuando hablamos del idioma espa\u00f1ol, porque en este caso, el v\u00ednculo que se crea, puede alcanzar a casi seiscientos millones de personas. Gracias a una lengua, podemos convertirla en poes\u00eda; ser la letra de una partitura o enredarse en la ficci\u00f3n de una novela.<\/p>\n<p><strong>Desaf\u00edos y&#8230; \u00a1sorpresas te da la vida!<\/strong><\/p>\n<p>Cuando charlaba con los profesores que ense\u00f1an el espa\u00f1ol en Sevilla (con el desaf\u00edo propio del acento andaluz y, con la dificultad a\u00f1adida de que los alumnos asistan a clase a las 9 a.m.) recordaba que todas aquellas peripecias y el humor de La Tesis de Nancy (de Ram\u00f3n J. Sender) siguen a\u00fan vigentes.\u00a0<a href=\"https:\/\/static-blogs.laverdad.es\/wp-content\/uploads\/sites\/28\/2024\/08\/barcovalenciaRED.jpg\"><img loading=\"lazy\" class=\"size-medium wp-image-1759 alignright\" src=\"https:\/\/static-blogs.laverdad.es\/wp-content\/uploads\/sites\/28\/2024\/08\/barcovalenciaRED-300x225.jpg\" alt=\"\" width=\"300\" height=\"225\" srcset=\"https:\/\/static-blogs.laverdad.es\/wp-content\/uploads\/sites\/28\/2024\/08\/barcovalenciaRED-300x225.jpg 300w, https:\/\/static-blogs.laverdad.es\/wp-content\/uploads\/sites\/28\/2024\/08\/barcovalenciaRED.jpg 640w\" sizes=\"(max-width: 300px) 100vw, 300px\" \/><\/a><\/p>\n<p>Porque qu\u00e9 gran reto supone estudiar -y ense\u00f1ar- un nuevo idioma distinto a la lengua que aprendemos de forma natural, sin consciencia, en el contexto familiar, con el input de lo cotidiano, como un regalo que percibimos, un objeto valioso que nos dan, que va creciendo con nosotros, formando parte de nuestra identidad.<\/p>\n<p>\u00bfC\u00f3mo ganar la atenci\u00f3n -y el tiempo- de otra persona? He ah\u00ed el gran reto. Y m\u00e1s complicado resulta a\u00fan, cuando muchos estudiantes lo son por internet. Como an\u00e9cdota graciosa, una ni\u00f1a quer\u00eda ense\u00f1arle a su profesora de espa\u00f1ol su casa y, con el ordenador apoyado en sus brazos le iba mostrando la cocina, el sal\u00f3n\u2026 Hasta que justo su padre sal\u00eda del ba\u00f1o, reci\u00e9n duchado\u2026 \u00a1y no pod\u00eda imaginar \u201cencontrarse\u201d con una profesora como Dios lo trajo al mundo!<\/p>\n<p><strong>Como el mar, el infinito<\/strong><\/p>\n<p>Si despejamos aquella ecuaci\u00f3n matem\u00e1tica, en la que ten\u00edamos una inc\u00f3gnita: determinar el valor de un idioma, la respuesta se asemeja al mar: el valor de un idioma puede llegar a ser infinito. Al igual que sucede en el lenguaje de la m\u00fasica o el de la gastronom\u00eda, el espa\u00f1ol es \u201ccasi\u201d universal. No tiene l\u00edmites.<\/p>\n<p>Y, lleven cuidado que hasta se puede colar en sus casas.<\/p>\n<p>&nbsp;<\/p>\n","protected":false},"excerpt":{"rendered":"<p>&nbsp; Llegados desde los dos extremos m\u00e1s remotos: Desde Corea del Sur hasta California, profesores y profesionales vinculados con la ense\u00f1anza del espa\u00f1ol en el mundo nos hemos reunido durante casi una semana en Valencia. Un programa complet\u00edsimo, un no parar de: conferencias, talleres, mesas redondas, actividades culturales, gastron\u00f3micas (s\u00ed, tomamos paella, \u00a1para cenar!) en [&hellip;]<\/p>\n","protected":false},"author":29,"featured_media":0,"comment_status":"open","ping_status":"closed","sticky":false,"template":"","format":"standard","meta":[],"categories":[15,18,22,25,65],"tags":[],"_links":{"self":[{"href":"https:\/\/blogs.laverdad.es\/zonadeembarque\/wp-json\/wp\/v2\/posts\/1758"}],"collection":[{"href":"https:\/\/blogs.laverdad.es\/zonadeembarque\/wp-json\/wp\/v2\/posts"}],"about":[{"href":"https:\/\/blogs.laverdad.es\/zonadeembarque\/wp-json\/wp\/v2\/types\/post"}],"author":[{"embeddable":true,"href":"https:\/\/blogs.laverdad.es\/zonadeembarque\/wp-json\/wp\/v2\/users\/29"}],"replies":[{"embeddable":true,"href":"https:\/\/blogs.laverdad.es\/zonadeembarque\/wp-json\/wp\/v2\/comments?post=1758"}],"version-history":[{"count":4,"href":"https:\/\/blogs.laverdad.es\/zonadeembarque\/wp-json\/wp\/v2\/posts\/1758\/revisions"}],"predecessor-version":[{"id":1764,"href":"https:\/\/blogs.laverdad.es\/zonadeembarque\/wp-json\/wp\/v2\/posts\/1758\/revisions\/1764"}],"wp:attachment":[{"href":"https:\/\/blogs.laverdad.es\/zonadeembarque\/wp-json\/wp\/v2\/media?parent=1758"}],"wp:term":[{"taxonomy":"category","embeddable":true,"href":"https:\/\/blogs.laverdad.es\/zonadeembarque\/wp-json\/wp\/v2\/categories?post=1758"},{"taxonomy":"post_tag","embeddable":true,"href":"https:\/\/blogs.laverdad.es\/zonadeembarque\/wp-json\/wp\/v2\/tags?post=1758"}],"curies":[{"name":"wp","href":"https:\/\/api.w.org\/{rel}","templated":true}]}}