{"id":1840,"date":"2026-01-16T13:13:09","date_gmt":"2026-01-16T12:13:09","guid":{"rendered":"https:\/\/blogs.laverdad.es\/zonadeembarque\/?p=1840"},"modified":"2026-01-19T11:44:51","modified_gmt":"2026-01-19T10:44:51","slug":"el-camino-del-oro-blanco","status":"publish","type":"post","link":"https:\/\/blogs.laverdad.es\/zonadeembarque\/2026\/01\/16\/el-camino-del-oro-blanco\/","title":{"rendered":"El camino del &#8220;oro blanco&#8221;"},"content":{"rendered":"<p>Cu\u00e1ntas veces habremos escuchado, ante un magn\u00edfico monumento, el comentario del gu\u00eda: \u201c(..) Y fue construido con m\u00e1rmol de Carrara\u201d. Pero, \u00bfser\u00e1 siempre cierta esta procedencia italiana? \u201cNo es oro todo lo que reluce\u201d, advierte el sabio refranero.<\/p>\n<p>Porque en la zona almeriense hay grandes canteras de m\u00e1rmol. Y, tambi\u00e9n, \u00a1del bueno! Qui\u00e9n sabe si, quiz\u00e1s, por esta proximidad geogr\u00e1fica y geol\u00f3gica\u2026<\/p>\n<p>Viajamos a Almer\u00eda siguiendo el protagonismo de esta piedra natural escondida bajo tierra. Precisamente por su gran val\u00eda y por la singularidad de su tonalidad, es ya conocido como \u201cel oro blanco\u201d. Es y, ha sido durante muchos a\u00f1os, el motor econ\u00f3mico de esta zona. De ah\u00ed la asimilaci\u00f3n con el metal noble tan preciado.<\/p>\n<p><strong>M\u00e1rmol en plazas, pavimento, papeleras\u2026<\/strong><\/p>\n<p>La primera parada es en la localidad de Macael. Es raro no encontrar alg\u00fan elemento de m\u00e1rmol cuando vamos paseando por sus calles. (No se pierdan los maceteros). En la plaza del Ayuntamiento se encuentra la \u201chermana gemela\u201d de la famosa Fuente de los Leones de La Alhambra de Granada. En realidad, son \u201ctrillizas\u201d, la tercera fuente id\u00e9ntica est\u00e1 en un palacio en Emiratos \u00c1rabes (un jeque, admirado por su belleza, encarg\u00f3 una para sus jardines).<\/p>\n<p>Dos bonitos lugares para detenerse en Macael: La estatua del mortero, que es el s\u00edmbolo del aprendizaje de un oficio (por supuesto, hecho de m\u00e1rmol blanco), todo un homenaje a los artesanos. Y, la escalinata-mosaico: &#8220;el sue\u00f1o de un cantero\u201d, que evoca los pensamientos, sue\u00f1os y deseos que ten\u00edan los trabajadores cuando iban de camino en sus mulas hacia las canteras. <a href=\"https:\/\/static-blogs.laverdad.es\/wp-content\/uploads\/sites\/28\/2026\/01\/OLULARED126.jpg\"><img loading=\"lazy\" class=\"size-medium wp-image-1841 alignright\" src=\"https:\/\/static-blogs.laverdad.es\/wp-content\/uploads\/sites\/28\/2026\/01\/OLULARED126-225x300.jpg\" alt=\"\" width=\"225\" height=\"300\" srcset=\"https:\/\/static-blogs.laverdad.es\/wp-content\/uploads\/sites\/28\/2026\/01\/OLULARED126-225x300.jpg 225w, https:\/\/static-blogs.laverdad.es\/wp-content\/uploads\/sites\/28\/2026\/01\/OLULARED126.jpg 480w\" sizes=\"(max-width: 225px) 100vw, 225px\" \/><\/a><\/p>\n<p><strong>\u201cEl MoMA olulense\u201d<\/strong><\/p>\n<p>Muy cerca de Macael, en Olula del R\u00edo se halla el museo Casa Ib\u00e1\u00f1ez. Es de esos que \u201crompe muros\u201d: antes de entrar, ya podemos ver preciosas obras de arte. Un pasillo de estatuas de mitos y musas, con jardines, albercas y olivos (recuerda mucho a los palacios italianos de la costa amalfitana), da la bienvenida al visitante.<\/p>\n<p>Dos tonalidades: El color blanco en las fachadas exteriores del edificio, a juego con la tonalidad que es riqueza de toda esta zona almeriense. Y, el azul del Mediterr\u00e1neo, reflejado en los ventanales y puertas, en perfecta combinaci\u00f3n de los pueblos blancos del sur de Espa\u00f1a.<\/p>\n<p><strong>La escultura m\u00e1s grande de Espa\u00f1a<\/strong><\/p>\n<p>En el exterior, la pieza m\u00e1s llamativa (por su tama\u00f1o, pero tambi\u00e9n por su gran belleza) es \u201cla mujer de Almanzora\u201d de Antonio L\u00f3pez, que es la obra escult\u00f3rica en m\u00e1rmol m\u00e1s grande de Espa\u00f1a. Un dato significativo: su peso ronda las doscientas toneladas; S\u00ed, aqu\u00ed s\u00ed se podr\u00eda decir sin miedo a errar que \u201cvale su peso en oro (blanco)\u201d. Todo el proceso de construcci\u00f3n (en el que han intervenido empresas de la zona) est\u00e1 documentado en sala ubicaba bajo esta estatua que representa la cabeza de una mujer, en homenaje a todas las mujeres de la zona.<\/p>\n<p>Una vez ya, en el interior del museo, el hilo conductor es el realismo contempor\u00e1neo con el que vamos analizando todos los grandes temas que nos preocupan: el abuso de poder, la libertad de expresi\u00f3n, la mediocridad y su alcance, etc. La mayor\u00eda de las obras son de Andr\u00e9s Garc\u00eda Ib\u00e1\u00f1ez, pero junto a ellas, podemos ver otras de Goya, Sorolla, Zuloaga, Antonio Campillo\u2026 \u00a0S\u00ed, en todas sus salas reluce \u201coro macizo\u201d (l\u00e9ase en sentido metaf\u00f3rico).<\/p>\n<p><strong>Una sala que se mira y, \u00a1las obras se pueden o\u00edr!<\/strong><\/p>\n<p>Hay una sala del museo que tiene una peculiaridad sensorial: Se transforma en una grand\u00edsima \u201ccaja de m\u00fasica\u201d. Todos los cuadros est\u00e1n inspirados en la m\u00fasica de Beethoven. Es una aproximaci\u00f3n emocional (\u201cdesde el coraz\u00f3n\u201d, dicen las cartelas). Andr\u00e9s Garc\u00eda Iba\u00f1ez va, desde la percepci\u00f3n ac\u00fastica hasta la art\u00edstica, que queda reflejada en los cuadros. \u00bfQui\u00e9n no se ha inspirado con m\u00fasica de fondo? Un ejemplo es la obra \u201cEl Destino\u201d (Sinfon\u00eda N\u00ba 5) o, la s\u00ed conocida por todos, la novena, \u201cLa fraternidad universal\u201d que, de forma sobrecogedora, est\u00e1 representada por un coro de voces de hombres y mujeres, en condiciones de absoluta igualdad.<\/p>\n<p><strong>Almer\u00eda guarda \u201ccomo oro en pa\u00f1o\u201d aut\u00e9nticos tesoros escondidos bajo tierra.<\/strong><\/p>\n<p>Del blanco de esta piedra natural que ha guiado nuestro viaje, \u201ca tiro de piedra\u201d (nunca mejor dicho) se halla otra \u201cjoya de la corona\u201d para visitar: La gigantesca geoda de Pulp\u00ed. Un monumento natural escondido a sesenta metros de profundidad.<\/p>\n<p>Almer\u00eda, como ven, es tierra de tesoros. Una aut\u00e9ntica \u201cmina de oro\u201d.<\/p>\n<p>&nbsp;<\/p>\n","protected":false},"excerpt":{"rendered":"<p>Cu\u00e1ntas veces habremos escuchado, ante un magn\u00edfico monumento, el comentario del gu\u00eda: \u201c(..) Y fue construido con m\u00e1rmol de Carrara\u201d. Pero, \u00bfser\u00e1 siempre cierta esta procedencia italiana? \u201cNo es oro todo lo que reluce\u201d, advierte el sabio refranero. Porque en la zona almeriense hay grandes canteras de m\u00e1rmol. Y, tambi\u00e9n, \u00a1del bueno! Qui\u00e9n sabe si, [&hellip;]<\/p>\n","protected":false},"author":29,"featured_media":0,"comment_status":"open","ping_status":"closed","sticky":false,"template":"","format":"standard","meta":[],"categories":[6,15,18,40,41,48,61,65,67,68],"tags":[],"_links":{"self":[{"href":"https:\/\/blogs.laverdad.es\/zonadeembarque\/wp-json\/wp\/v2\/posts\/1840"}],"collection":[{"href":"https:\/\/blogs.laverdad.es\/zonadeembarque\/wp-json\/wp\/v2\/posts"}],"about":[{"href":"https:\/\/blogs.laverdad.es\/zonadeembarque\/wp-json\/wp\/v2\/types\/post"}],"author":[{"embeddable":true,"href":"https:\/\/blogs.laverdad.es\/zonadeembarque\/wp-json\/wp\/v2\/users\/29"}],"replies":[{"embeddable":true,"href":"https:\/\/blogs.laverdad.es\/zonadeembarque\/wp-json\/wp\/v2\/comments?post=1840"}],"version-history":[{"count":3,"href":"https:\/\/blogs.laverdad.es\/zonadeembarque\/wp-json\/wp\/v2\/posts\/1840\/revisions"}],"predecessor-version":[{"id":1844,"href":"https:\/\/blogs.laverdad.es\/zonadeembarque\/wp-json\/wp\/v2\/posts\/1840\/revisions\/1844"}],"wp:attachment":[{"href":"https:\/\/blogs.laverdad.es\/zonadeembarque\/wp-json\/wp\/v2\/media?parent=1840"}],"wp:term":[{"taxonomy":"category","embeddable":true,"href":"https:\/\/blogs.laverdad.es\/zonadeembarque\/wp-json\/wp\/v2\/categories?post=1840"},{"taxonomy":"post_tag","embeddable":true,"href":"https:\/\/blogs.laverdad.es\/zonadeembarque\/wp-json\/wp\/v2\/tags?post=1840"}],"curies":[{"name":"wp","href":"https:\/\/api.w.org\/{rel}","templated":true}]}}